{"id":1783,"date":"2022-08-20T10:00:09","date_gmt":"2022-08-20T10:00:09","guid":{"rendered":"https:\/\/valentinecarre-photographe.com\/?p=1783"},"modified":"2025-02-11T10:17:17","modified_gmt":"2025-02-11T10:17:17","slug":"harris-pelican-corse-porto-vecchio","status":"publish","type":"post","link":"https:\/\/valentinecarre-photographe.com\/index.php\/2022\/08\/20\/harris-pelican-corse-porto-vecchio\/","title":{"rendered":"Harris, le p\u00e9lican gris de Porto-Vecchio"},"content":{"rendered":"\t\t<div data-elementor-type=\"wp-post\" data-elementor-id=\"1783\" class=\"elementor elementor-1783\">\n\t\t\t\t\t\t<section class=\"elementor-section elementor-top-section elementor-element elementor-element-b6bce93 elementor-section-boxed elementor-section-height-default elementor-section-height-default wpr-particle-no wpr-jarallax-no wpr-parallax-no wpr-sticky-section-no wpr-equal-height-no\" data-id=\"b6bce93\" data-element_type=\"section\" data-e-type=\"section\" data-settings=\"{&quot;background_background&quot;:&quot;classic&quot;}\">\n\t\t\t\t\t\t\t<div class=\"elementor-background-overlay\"><\/div>\n\t\t\t\t\t\t\t<div class=\"elementor-container elementor-column-gap-default\">\n\t\t\t\t\t<div class=\"elementor-column elementor-col-100 elementor-top-column elementor-element elementor-element-3fb859a\" data-id=\"3fb859a\" data-element_type=\"column\" data-e-type=\"column\">\n\t\t\t<div class=\"elementor-widget-wrap elementor-element-populated\">\n\t\t\t\t\t\t<div class=\"elementor-element elementor-element-3c712c5 elementor-widget elementor-widget-heading\" data-id=\"3c712c5\" data-element_type=\"widget\" data-e-type=\"widget\" data-widget_type=\"heading.default\">\n\t\t\t\t\t<h1 class=\"elementor-heading-title elementor-size-default\">Rencontre avec Harris, le p\u00e9lican gris <\/h1>\t\t\t\t<\/div>\n\t\t\t\t\t<\/div>\n\t\t<\/div>\n\t\t\t\t\t<\/div>\n\t\t<\/section>\n\t\t\t\t<section class=\"elementor-section elementor-top-section elementor-element elementor-element-12dbfc5d elementor-section-boxed elementor-section-height-default elementor-section-height-default wpr-particle-no wpr-jarallax-no wpr-parallax-no wpr-sticky-section-no wpr-equal-height-no\" data-id=\"12dbfc5d\" data-element_type=\"section\" data-e-type=\"section\" data-settings=\"{&quot;background_background&quot;:&quot;classic&quot;}\">\n\t\t\t\t\t\t<div class=\"elementor-container elementor-column-gap-default\">\n\t\t\t\t\t<div class=\"elementor-column elementor-col-100 elementor-top-column elementor-element elementor-element-14372c95\" data-id=\"14372c95\" data-element_type=\"column\" data-e-type=\"column\">\n\t\t\t<div class=\"elementor-widget-wrap elementor-element-populated\">\n\t\t\t\t\t\t<div class=\"elementor-element elementor-element-66a0b5a2 elementor-widget elementor-widget-text-editor\" data-id=\"66a0b5a2\" data-element_type=\"widget\" data-e-type=\"widget\" data-widget_type=\"text-editor.default\">\n\t\t\t\t\t\t\t\t\t<p>Il y a quelques mois, nous avons rencontr\u00e9 pour la premi\u00e8re fois <strong>Harris,<\/strong> <strong>le fameux p\u00e9lican ayant tout plaqu\u00e9 pour venir vivre en Corse<\/strong>. A ce moment-l\u00e0, prendre une photo convenable m\u2019a paru compliqu\u00e9. Nous \u00e9tions en fin de journ\u00e9e, Harris se trouvait plut\u00f4t loin et l\u2019adr\u00e9naline de le voir pour la premi\u00e8re fois \u00ab\u00a0en vrai\u00a0\u00bb ne m\u2019ont pas rendu la t\u00e2che facile.\u00a0<\/p><p>Et puis la semaine derni\u00e8re, nous y sommes retourn\u00e9es sans attente particuli\u00e8re, si ce n\u2019est d\u2019avoir <strong>la chance de l\u2019apercevoir<\/strong> encore une fois. Nous avons pris le temps de l\u2019observer et puis de mani\u00e8re naturelle, il s\u2019est approch\u00e9 de nous. Il faut dire que mon objectif, bien que camoufl\u00e9 ne passe pas inaper\u00e7u.\u00a0<\/p><p>Et comme si cela ne suffisait pas, <em>Nathalie<\/em>, sa maman humaine adoptive est venue le nourrir comme elle le fait chaque jour afin de l\u2019aider \u00e0 survivre dans ce milieu qui n\u2019est pas le sien. Nous avons alors assist\u00e9 \u00e0 son repas. 1 kg de poisson ont suffi \u00e0 le rassasier. Un moment suspendu et une telle proximit\u00e9 que nous ne sommes pas pr\u00eates d\u2019oublier. <em>Merci Harris, merci St\u00e9phanie, merci Nathalie. \ud83d\ude42\u00a0<\/em><\/p><p><strong>Je tiens \u00e0 pr\u00e9ciser que si comme nous, vous voulez avoir la chance de l\u2019observer, il est important d\u2019\u00eatre discret, de ne pas lui faire peur, de respecter une distance mais aussi, de ne pas le nourrir, car c\u2019est un oiseau qui a une alimentation sp\u00e9cifique et qui reste avant tout sauvage. Nathalie est la seule professionnelle habilit\u00e9e \u00e0 s\u2019en occuper.<\/strong><\/p>\t\t\t\t\t\t\t\t<\/div>\n\t\t\t\t<div class=\"elementor-element elementor-element-c984f73 elementor-widget elementor-widget-image\" data-id=\"c984f73\" data-element_type=\"widget\" data-e-type=\"widget\" data-widget_type=\"image.default\">\n\t\t\t\t\t\t\t\t\t\t\t\t\t\t\t<img fetchpriority=\"high\" decoding=\"async\" width=\"2048\" height=\"1366\" src=\"https:\/\/valentinecarre-photographe.com\/wp-content\/uploads\/2022\/08\/A7R05339.jpg\" class=\"attachment-full size-full wp-image-4156\" alt=\"Harris, pelican gris, pelican corse, faune sauvage corse\" srcset=\"https:\/\/valentinecarre-photographe.com\/wp-content\/uploads\/2022\/08\/A7R05339.jpg 2048w, https:\/\/valentinecarre-photographe.com\/wp-content\/uploads\/2022\/08\/A7R05339-400x267.jpg 400w, https:\/\/valentinecarre-photographe.com\/wp-content\/uploads\/2022\/08\/A7R05339-300x200.jpg 300w, https:\/\/valentinecarre-photographe.com\/wp-content\/uploads\/2022\/08\/A7R05339-1024x683.jpg 1024w, https:\/\/valentinecarre-photographe.com\/wp-content\/uploads\/2022\/08\/A7R05339-768x512.jpg 768w, https:\/\/valentinecarre-photographe.com\/wp-content\/uploads\/2022\/08\/A7R05339-1536x1025.jpg 1536w\" sizes=\"(max-width: 2048px) 100vw, 2048px\" title=\"%Valentine Carre Photographe% %Photographie nature Corse%\">\t\t\t\t\t\t\t\t\t\t\t\t\t\t\t<\/div>\n\t\t\t\t<div class=\"elementor-element elementor-element-75965fcc elementor-widget elementor-widget-heading\" data-id=\"75965fcc\" data-element_type=\"widget\" data-e-type=\"widget\" data-widget_type=\"heading.default\">\n\t\t\t\t\t<h2 class=\"elementor-heading-title elementor-size-default\">L'histoire d'Harris <\/h2>\t\t\t\t<\/div>\n\t\t\t\t<div class=\"elementor-element elementor-element-92f4dc6 elementor-widget elementor-widget-text-editor\" data-id=\"92f4dc6\" data-element_type=\"widget\" data-e-type=\"widget\" data-widget_type=\"text-editor.default\">\n\t\t\t\t\t\t\t\t\t<p>En fin d\u2019ann\u00e9e 2020, <strong>deux jeunes p\u00e9licans gris s\u2019\u00e9chappent de la r\u00e9serve Africaine de Sigean<\/strong>, au sud de Narbonne. Alors qu\u2019ils venaient seulement de quitter leur nid et n\u2019\u00e9taient pas encore totalement autonomes, la m\u00e8re des jeunes p\u00e9licans d\u00e9c\u00e8dent du Butolisme, une maladie bact\u00e9rienne. Perdant leurs rep\u00e8res, ils s\u2019enfuient de la r\u00e9serve et choisissent de partir \u00e0 l\u2019aventure. L\u2019un part vivre \u00e0 Majorque, l\u2019autre prend ses quartiers au coeur des marais salants de Porto-Vecchio (en Corse-du-Sud).<\/p><p>Ce dernier sera baptis\u00e9 <strong>Harris, n\u00e9 pendant l\u2019\u00e9t\u00e9 2020,<\/strong> il porte le num\u00e9ro A28 sur sa bague. Ag\u00e9 de seulement quelques mois lors de son arriv\u00e9e sur l\u2019\u00eele de beaut\u00e9 et ayant des difficult\u00e9s \u00e0 se nourrir seul, c\u2019est Nathalie qui lui offre sa ration quotidienne afin qu\u2019il puisse grandir et survivre.<\/p>\t\t\t\t\t\t\t\t<\/div>\n\t\t\t\t<div class=\"elementor-element elementor-element-6b2ca9af elementor-widget elementor-widget-image\" data-id=\"6b2ca9af\" data-element_type=\"widget\" data-e-type=\"widget\" data-widget_type=\"image.default\">\n\t\t\t\t\t\t\t\t\t\t\t\t\t\t\t<img decoding=\"async\" width=\"2048\" height=\"1366\" src=\"https:\/\/valentinecarre-photographe.com\/wp-content\/uploads\/2022\/08\/A7R05268.jpg\" class=\"attachment-full size-full wp-image-4154\" alt=\"Harris, pelican gris, pelican corse, faune sauvage corse\" srcset=\"https:\/\/valentinecarre-photographe.com\/wp-content\/uploads\/2022\/08\/A7R05268.jpg 2048w, https:\/\/valentinecarre-photographe.com\/wp-content\/uploads\/2022\/08\/A7R05268-400x267.jpg 400w, https:\/\/valentinecarre-photographe.com\/wp-content\/uploads\/2022\/08\/A7R05268-300x200.jpg 300w, https:\/\/valentinecarre-photographe.com\/wp-content\/uploads\/2022\/08\/A7R05268-1024x683.jpg 1024w, https:\/\/valentinecarre-photographe.com\/wp-content\/uploads\/2022\/08\/A7R05268-768x512.jpg 768w, https:\/\/valentinecarre-photographe.com\/wp-content\/uploads\/2022\/08\/A7R05268-1536x1025.jpg 1536w\" sizes=\"(max-width: 2048px) 100vw, 2048px\" title=\"%Valentine Carre Photographe% %Photographie nature Corse%\">\t\t\t\t\t\t\t\t\t\t\t\t\t\t\t<\/div>\n\t\t\t\t<div class=\"elementor-element elementor-element-45d42d5e elementor-widget elementor-widget-heading\" data-id=\"45d42d5e\" data-element_type=\"widget\" data-e-type=\"widget\" data-widget_type=\"heading.default\">\n\t\t\t\t\t<h2 class=\"elementor-heading-title elementor-size-default\">Un p\u00e9lican gris, qu\u00e9sako ? <\/h2>\t\t\t\t<\/div>\n\t\t\t\t<div class=\"elementor-element elementor-element-4dfb5373 elementor-widget elementor-widget-text-editor\" data-id=\"4dfb5373\" data-element_type=\"widget\" data-e-type=\"widget\" data-widget_type=\"text-editor.default\">\n\t\t\t\t\t\t\t\t\t<p>\u2192 <strong>Le p\u00e9lican gris<\/strong> a un plumage gris pale avec le dos ros\u00e2tre. Il est <strong>le plus petit de la famille des p\u00e9licans <\/strong>(P\u00e9l\u00e9canid\u00e9s) et pourtant il est l\u2019un des plus grands oiseaux du monde a \u00eatre capable de voler !<\/p><p>\u2192 Il a la particularit\u00e9, contrairement \u00e0 d\u2019autres de son esp\u00e8ces de se nourrir <strong>essentiellement de poissons <\/strong>(1 kg minimum quotidiennement), il n\u2019a pas une alimentation \u201copportuniste\u201d. Pour p\u00eacher, il plonge la t\u00eate sous la surface de l\u2019eau, se sert du crochet de son bec tel une \u00e9puisette et rempli sa poche \u00e9lastique (sac gulaire) d\u2019eau et de poissons. Il rejette ensuite l\u2019eau pour avaler les poissons.<\/p><p>\u2192 <strong>Son habitat naturel se trouve en Afrique<\/strong> (du Sud du Sahara \u00e0 la pointe Sud de l\u2019Afrique). Sa long\u00e9vit\u00e9 serait de 30 ans.<\/p><p>\u2192 Il fr\u00e9quente<strong> essentiellement les eaux douces<\/strong> (comme les grands lacs et \u00e9tangs).<\/p>\t\t\t\t\t\t\t\t<\/div>\n\t\t\t\t<div class=\"elementor-element elementor-element-69991c52 elementor-widget elementor-widget-image\" data-id=\"69991c52\" data-element_type=\"widget\" data-e-type=\"widget\" data-widget_type=\"image.default\">\n\t\t\t\t\t\t\t\t\t\t\t\t\t\t\t<img decoding=\"async\" width=\"2048\" height=\"1366\" src=\"https:\/\/valentinecarre-photographe.com\/wp-content\/uploads\/2022\/08\/A7R05393.jpg\" class=\"attachment-full size-full wp-image-4159\" alt=\"Harris, pelican gris, pelican corse, faune sauvage corse\" srcset=\"https:\/\/valentinecarre-photographe.com\/wp-content\/uploads\/2022\/08\/A7R05393.jpg 2048w, https:\/\/valentinecarre-photographe.com\/wp-content\/uploads\/2022\/08\/A7R05393-400x267.jpg 400w, https:\/\/valentinecarre-photographe.com\/wp-content\/uploads\/2022\/08\/A7R05393-300x200.jpg 300w, https:\/\/valentinecarre-photographe.com\/wp-content\/uploads\/2022\/08\/A7R05393-1024x683.jpg 1024w, https:\/\/valentinecarre-photographe.com\/wp-content\/uploads\/2022\/08\/A7R05393-768x512.jpg 768w, https:\/\/valentinecarre-photographe.com\/wp-content\/uploads\/2022\/08\/A7R05393-1536x1025.jpg 1536w\" sizes=\"(max-width: 2048px) 100vw, 2048px\" title=\"%Valentine Carre Photographe% %Photographie nature Corse%\">\t\t\t\t\t\t\t\t\t\t\t\t\t\t\t<\/div>\n\t\t\t\t<div class=\"elementor-element elementor-element-3b709acd elementor-widget elementor-widget-text-editor\" data-id=\"3b709acd\" data-element_type=\"widget\" data-e-type=\"widget\" data-widget_type=\"text-editor.default\">\n\t\t\t\t\t\t\t\t\t<p>-&gt; Si vous le souhaitez, vous pouvez me contacter afin d\u2019acheter une <strong>photo d\u2019Harris sur papier Fine Art<\/strong>. Le premier format est au prix de 35 Euros, livraison incluse.<\/p><p>Vous pouvez aussi simplement<strong> laisser un commentaire ou\/et partager cet article<\/strong> pour faire conna\u00eetre mon travail. Merci d\u2019avoir lu jusqu\u2019ici et merci de vous int\u00e9resser aussi \u00e0 la faune sauvage. \ud83d\ude42\u00a0<\/p>\t\t\t\t\t\t\t\t<\/div>\n\t\t\t\t<div class=\"elementor-element elementor-element-e9f33fa elementor-widget elementor-widget-heading\" data-id=\"e9f33fa\" data-element_type=\"widget\" data-e-type=\"widget\" data-widget_type=\"heading.default\">\n\t\t\t\t\t<h2 class=\"elementor-heading-title elementor-size-default\">D\u00e9couvrez toutes mes photos d'Harris ! <\/h2>\t\t\t\t<\/div>\n\t\t\t\t<div class=\"elementor-element elementor-element-220bf63c elementor-align-center elementor-widget elementor-widget-button\" data-id=\"220bf63c\" data-element_type=\"widget\" data-e-type=\"widget\" data-widget_type=\"button.default\">\n\t\t\t\t\t\t\t\t\t\t<a class=\"elementor-button elementor-button-link elementor-size-sm\" href=\"https:\/\/valentinecarre-photographe.com\/index.php\/portfolio\/\">\n\t\t\t\t\t\t<span class=\"elementor-button-content-wrapper\">\n\t\t\t\t\t\t\t\t\t<span class=\"elementor-button-text\">Cliquez ici<\/span>\n\t\t\t\t\t<\/span>\n\t\t\t\t\t<\/a>\n\t\t\t\t\t\t\t\t<\/div>\n\t\t\t\t\t<\/div>\n\t\t<\/div>\n\t\t\t\t\t<\/div>\n\t\t<\/section>\n\t\t\t\t<section class=\"elementor-section elementor-top-section elementor-element elementor-element-8d59de00 elementor-section-height-min-height elementor-section-boxed elementor-section-height-default elementor-section-items-middle wpr-particle-no wpr-jarallax-no wpr-parallax-no wpr-sticky-section-no wpr-equal-height-no\" data-id=\"8d59de00\" data-element_type=\"section\" data-e-type=\"section\" data-settings=\"{&quot;background_background&quot;:&quot;classic&quot;}\">\n\t\t\t\t\t\t\t<div class=\"elementor-background-overlay\"><\/div>\n\t\t\t\t\t\t\t<div class=\"elementor-container elementor-column-gap-default\">\n\t\t\t\t\t<div class=\"elementor-column elementor-col-100 elementor-top-column elementor-element elementor-element-113e30d3\" data-id=\"113e30d3\" data-element_type=\"column\" data-e-type=\"column\">\n\t\t\t<div class=\"elementor-widget-wrap elementor-element-populated\">\n\t\t\t\t\t\t<div class=\"elementor-element elementor-element-20cf8ca2 elementor-widget elementor-widget-heading\" data-id=\"20cf8ca2\" data-element_type=\"widget\" data-e-type=\"widget\" data-widget_type=\"heading.default\">\n\t\t\t\t\t<h2 class=\"elementor-heading-title elementor-size-default\">Retourner sur le blog ? <\/h2>\t\t\t\t<\/div>\n\t\t\t\t<div class=\"elementor-element elementor-element-21ecd0d9 wpr-button-icon-style-inline wpr-button-icon-position-right elementor-widget elementor-widget-wpr-button\" data-id=\"21ecd0d9\" data-element_type=\"widget\" data-e-type=\"widget\" data-widget_type=\"wpr-button.default\">\n\t\t\t\t\t\t\n\t\t\t\n\t\t\n\t\t<div class=\"wpr-button-wrap elementor-clearfix\">\n\t\t<a class=\"wpr-button wpr-button-effect wpr-button-none\" data-text=\"\" href=\"https:\/\/valentinecarre-photographe.com\/index.php\/reportages-photos-corse\/\">\n\t\t\t\n\t\t\t<span class=\"wpr-button-content\">\n\t\t\t\t\t\t\t\t\t<span class=\"wpr-button-text\">Par ici <\/span>\n\t\t\t\t\t\t\t\t\n\t\t\t\t\t\t\t<\/span>\n\t\t<\/a>\n\n\t\t\t\t<\/div>\n\t\n\t\n\t\t\t\t\t<\/div>\n\t\t\t\t\t<\/div>\n\t\t<\/div>\n\t\t\t\t\t<\/div>\n\t\t<\/section>\n\t\t\t\t<\/div>\n\t\t","protected":false},"excerpt":{"rendered":"<p>D\u00e9couvrez l&rsquo;histoire d&rsquo;Harris, un p\u00e9lican pas comme les autres, qui a d\u00e9cid\u00e9 durant plusieurs mois de s&rsquo;installer en Corse ! <\/p>\n","protected":false},"author":1,"featured_media":2154,"comment_status":"open","ping_status":"open","sticky":false,"template":"","format":"standard","meta":{"ocean_post_layout":"","ocean_both_sidebars_style":"","ocean_both_sidebars_content_width":0,"ocean_both_sidebars_sidebars_width":0,"ocean_sidebar":"0","ocean_second_sidebar":"0","ocean_disable_margins":"enable","ocean_add_body_class":"","ocean_shortcode_before_top_bar":"","ocean_shortcode_after_top_bar":"","ocean_shortcode_before_header":"","ocean_shortcode_after_header":"","ocean_has_shortcode":"","ocean_shortcode_after_title":"","ocean_shortcode_before_footer_widgets":"","ocean_shortcode_after_footer_widgets":"","ocean_shortcode_before_footer_bottom":"","ocean_shortcode_after_footer_bottom":"","ocean_display_top_bar":"default","ocean_display_header":"default","ocean_header_style":"","ocean_center_header_left_menu":"0","ocean_custom_header_template":"0","ocean_custom_logo":0,"ocean_custom_retina_logo":0,"ocean_custom_logo_max_width":0,"ocean_custom_logo_tablet_max_width":0,"ocean_custom_logo_mobile_max_width":0,"ocean_custom_logo_max_height":0,"ocean_custom_logo_tablet_max_height":0,"ocean_custom_logo_mobile_max_height":0,"ocean_header_custom_menu":"0","ocean_menu_typo_font_family":"0","ocean_menu_typo_font_subset":"","ocean_menu_typo_font_size":0,"ocean_menu_typo_font_size_tablet":0,"ocean_menu_typo_font_size_mobile":0,"ocean_menu_typo_font_size_unit":"px","ocean_menu_typo_font_weight":"","ocean_menu_typo_font_weight_tablet":"","ocean_menu_typo_font_weight_mobile":"","ocean_menu_typo_transform":"","ocean_menu_typo_transform_tablet":"","ocean_menu_typo_transform_mobile":"","ocean_menu_typo_line_height":0,"ocean_menu_typo_line_height_tablet":0,"ocean_menu_typo_line_height_mobile":0,"ocean_menu_typo_line_height_unit":"","ocean_menu_typo_spacing":0,"ocean_menu_typo_spacing_tablet":0,"ocean_menu_typo_spacing_mobile":0,"ocean_menu_typo_spacing_unit":"","ocean_menu_link_color":"","ocean_menu_link_color_hover":"","ocean_menu_link_color_active":"","ocean_menu_link_background":"","ocean_menu_link_hover_background":"","ocean_menu_link_active_background":"","ocean_menu_social_links_bg":"","ocean_menu_social_hover_links_bg":"","ocean_menu_social_links_color":"","ocean_menu_social_hover_links_color":"","ocean_disable_title":"default","ocean_disable_heading":"default","ocean_post_title":"","ocean_post_subheading":"","ocean_post_title_style":"","ocean_post_title_background_color":"","ocean_post_title_background":0,"ocean_post_title_bg_image_position":"","ocean_post_title_bg_image_attachment":"","ocean_post_title_bg_image_repeat":"","ocean_post_title_bg_image_size":"","ocean_post_title_height":0,"ocean_post_title_bg_overlay":0.5,"ocean_post_title_bg_overlay_color":"","ocean_disable_breadcrumbs":"default","ocean_breadcrumbs_color":"","ocean_breadcrumbs_separator_color":"","ocean_breadcrumbs_links_color":"","ocean_breadcrumbs_links_hover_color":"","ocean_display_footer_widgets":"default","ocean_display_footer_bottom":"default","ocean_custom_footer_template":"0","ocean_post_oembed":"","ocean_post_self_hosted_media":"","ocean_post_video_embed":"","ocean_link_format":"","ocean_link_format_target":"self","ocean_quote_format":"","ocean_quote_format_link":"post","ocean_gallery_link_images":"off","ocean_gallery_id":[],"footnotes":""},"categories":[17],"tags":[21,22,18,19,133,132,20],"class_list":["post-1783","post","type-post","status-publish","format-standard","has-post-thumbnail","hentry","category-reportages","tag-corse","tag-faune-sauvage","tag-harris","tag-pelican","tag-pelican-corse","tag-pelican-gris-en-corse","tag-porto-vecchio","entry","has-media","owp-thumbs-layout-vertical","owp-btn-big","owp-tabs-layout-horizontal","has-no-thumbnails","has-product-nav","circle-sale"],"_links":{"self":[{"href":"https:\/\/valentinecarre-photographe.com\/index.php\/wp-json\/wp\/v2\/posts\/1783","targetHints":{"allow":["GET"]}}],"collection":[{"href":"https:\/\/valentinecarre-photographe.com\/index.php\/wp-json\/wp\/v2\/posts"}],"about":[{"href":"https:\/\/valentinecarre-photographe.com\/index.php\/wp-json\/wp\/v2\/types\/post"}],"author":[{"embeddable":true,"href":"https:\/\/valentinecarre-photographe.com\/index.php\/wp-json\/wp\/v2\/users\/1"}],"replies":[{"embeddable":true,"href":"https:\/\/valentinecarre-photographe.com\/index.php\/wp-json\/wp\/v2\/comments?post=1783"}],"version-history":[{"count":17,"href":"https:\/\/valentinecarre-photographe.com\/index.php\/wp-json\/wp\/v2\/posts\/1783\/revisions"}],"predecessor-version":[{"id":11263,"href":"https:\/\/valentinecarre-photographe.com\/index.php\/wp-json\/wp\/v2\/posts\/1783\/revisions\/11263"}],"wp:featuredmedia":[{"embeddable":true,"href":"https:\/\/valentinecarre-photographe.com\/index.php\/wp-json\/wp\/v2\/media\/2154"}],"wp:attachment":[{"href":"https:\/\/valentinecarre-photographe.com\/index.php\/wp-json\/wp\/v2\/media?parent=1783"}],"wp:term":[{"taxonomy":"category","embeddable":true,"href":"https:\/\/valentinecarre-photographe.com\/index.php\/wp-json\/wp\/v2\/categories?post=1783"},{"taxonomy":"post_tag","embeddable":true,"href":"https:\/\/valentinecarre-photographe.com\/index.php\/wp-json\/wp\/v2\/tags?post=1783"}],"curies":[{"name":"wp","href":"https:\/\/api.w.org\/{rel}","templated":true}]}}