{"id":1802,"date":"2022-08-20T10:22:15","date_gmt":"2022-08-20T10:22:15","guid":{"rendered":"https:\/\/valentinecarre-photographe.com\/?p=1802"},"modified":"2025-02-11T10:17:01","modified_gmt":"2025-02-11T10:17:01","slug":"rencontre-avec-les-mouflons-de-corse","status":"publish","type":"post","link":"https:\/\/valentinecarre-photographe.com\/index.php\/2022\/08\/20\/rencontre-avec-les-mouflons-de-corse\/","title":{"rendered":"Rencontre avec les mouflons de Corse"},"content":{"rendered":"\t\t<div data-elementor-type=\"wp-post\" data-elementor-id=\"1802\" class=\"elementor elementor-1802\">\n\t\t\t\t\t\t<section class=\"elementor-section elementor-top-section elementor-element elementor-element-562b5b6 elementor-section-boxed elementor-section-height-default elementor-section-height-default wpr-particle-no wpr-jarallax-no wpr-parallax-no wpr-sticky-section-no wpr-equal-height-no\" data-id=\"562b5b6\" data-element_type=\"section\" data-e-type=\"section\" data-settings=\"{&quot;background_background&quot;:&quot;classic&quot;}\">\n\t\t\t\t\t\t\t<div class=\"elementor-background-overlay\"><\/div>\n\t\t\t\t\t\t\t<div class=\"elementor-container elementor-column-gap-default\">\n\t\t\t\t\t<div class=\"elementor-column elementor-col-100 elementor-top-column elementor-element elementor-element-56a0921\" data-id=\"56a0921\" data-element_type=\"column\" data-e-type=\"column\">\n\t\t\t<div class=\"elementor-widget-wrap elementor-element-populated\">\n\t\t\t\t\t\t<div class=\"elementor-element elementor-element-4b1f692 elementor-widget elementor-widget-heading\" data-id=\"4b1f692\" data-element_type=\"widget\" data-e-type=\"widget\" data-widget_type=\"heading.default\">\n\t\t\t\t\t<h1 class=\"elementor-heading-title elementor-size-default\">Les mouflons de Corse <\/h1>\t\t\t\t<\/div>\n\t\t\t\t\t<\/div>\n\t\t<\/div>\n\t\t\t\t\t<\/div>\n\t\t<\/section>\n\t\t\t\t<section class=\"elementor-section elementor-top-section elementor-element elementor-element-6ad3727f elementor-section-boxed elementor-section-height-default elementor-section-height-default wpr-particle-no wpr-jarallax-no wpr-parallax-no wpr-sticky-section-no wpr-equal-height-no\" data-id=\"6ad3727f\" data-element_type=\"section\" data-e-type=\"section\" data-settings=\"{&quot;background_background&quot;:&quot;classic&quot;}\">\n\t\t\t\t\t\t<div class=\"elementor-container elementor-column-gap-default\">\n\t\t\t\t\t<div class=\"elementor-column elementor-col-100 elementor-top-column elementor-element elementor-element-5b30f13e\" data-id=\"5b30f13e\" data-element_type=\"column\" data-e-type=\"column\">\n\t\t\t<div class=\"elementor-widget-wrap elementor-element-populated\">\n\t\t\t\t\t\t<div class=\"elementor-element elementor-element-d11e908 elementor-drop-cap-yes elementor-drop-cap-view-default elementor-widget elementor-widget-text-editor\" data-id=\"d11e908\" data-element_type=\"widget\" data-e-type=\"widget\" data-settings=\"{&quot;drop_cap&quot;:&quot;yes&quot;}\" data-widget_type=\"text-editor.default\">\n\t\t\t\t\t\t\t\t\t<p>Depuis le temps que nous attendions ce moment, nous avons enfin eu la chance d\u2019apercevoir pour la premi\u00e8re fois les mouflons Corses. Dans cet article, je vous partage quelques photos prises lors de cette incroyable rencontre organis\u00e9e gr\u00e2ce \u00e0 St\u00e9phanie et Nathalie !\u00a0<\/p><p>Perdue entre l\u2019envie d\u2019immortaliser ce moment accroch\u00e9 \u00e0 mon appareil photo et le plaisir de contempler ce moment rare et privil\u00e9gi\u00e9 de mes propres yeux, r\u00e9ussir les clich\u00e9s n\u2019aura pas \u00e9t\u00e9 une t\u00e2che facile. Mais qu\u2019importe, je ne me suis pas souci\u00e9e une seule minute du r\u00e9sultat final. L\u2019important \u00e9tait ce moment-l\u00e0\u2026<\/p><p>Alors, je n\u2019ai pas bombard\u00e9 de rafales avec mon appareil photo, comme j\u2019aurais pu le faire, j\u2019ai pr\u00e9f\u00e9r\u00e9 prendre le temps d\u2019effectuer mes r\u00e9glages, puis j\u2019ai mis la mise au point manuelle pour savourer le grossissement de mon objectif et profiter au plus pr\u00e8s de cette exp\u00e9rience. J\u2019ai tendance \u00e0 fonctionner davantage comme cela avec mon appareil. Je m\u2019en sers souvent comme paire de jumelles ou longue vue, et j\u2019appuie si\/quand vraiment j\u2019en ressens le besoin.<\/p><p>Parce que la photographie inscrit dans le temps un souvenir intemporel, mais permet surtout de raviver les vrais souvenirs, ceux ancr\u00e9s au plus profond de nous. Et puisque le moment est pass\u00e9 relativement vite, il ne fallait tout de m\u00eame pas oublier d\u2019appuyer sur le d\u00e9clencheur !<\/p>\t\t\t\t\t\t\t\t<\/div>\n\t\t\t\t<div class=\"elementor-element elementor-element-d82f110 elementor-widget elementor-widget-image\" data-id=\"d82f110\" data-element_type=\"widget\" data-e-type=\"widget\" data-widget_type=\"image.default\">\n\t\t\t\t\t\t\t\t\t\t\t\t\t\t\t<img fetchpriority=\"high\" decoding=\"async\" width=\"2560\" height=\"1708\" src=\"https:\/\/valentinecarre-photographe.com\/wp-content\/uploads\/2022\/08\/A7R05943-scaled.jpg\" class=\"attachment-full size-full wp-image-1897\" alt=\"Mouflons de corse\" srcset=\"https:\/\/valentinecarre-photographe.com\/wp-content\/uploads\/2022\/08\/A7R05943-scaled.jpg 2560w, https:\/\/valentinecarre-photographe.com\/wp-content\/uploads\/2022\/08\/A7R05943-scaled-400x267.jpg 400w, https:\/\/valentinecarre-photographe.com\/wp-content\/uploads\/2022\/08\/A7R05943-300x200.jpg 300w, https:\/\/valentinecarre-photographe.com\/wp-content\/uploads\/2022\/08\/A7R05943-1024x683.jpg 1024w, https:\/\/valentinecarre-photographe.com\/wp-content\/uploads\/2022\/08\/A7R05943-768x512.jpg 768w, https:\/\/valentinecarre-photographe.com\/wp-content\/uploads\/2022\/08\/A7R05943-1536x1025.jpg 1536w, https:\/\/valentinecarre-photographe.com\/wp-content\/uploads\/2022\/08\/A7R05943-2048x1366.jpg 2048w\" sizes=\"(max-width: 2560px) 100vw, 2560px\" title=\"%Valentine Carre Photographe% %Photographie nature Corse%\">\t\t\t\t\t\t\t\t\t\t\t\t\t\t\t<\/div>\n\t\t\t\t<div class=\"elementor-element elementor-element-79e2ba1 elementor-widget elementor-widget-text-editor\" data-id=\"79e2ba1\" data-element_type=\"widget\" data-e-type=\"widget\" data-widget_type=\"text-editor.default\">\n\t\t\t\t\t\t\t\t\t<p>Cet instant, je ne suis pas pr\u00eate de l\u2019oublier\u2026 Animal noble, insaisissable, inaccessible, il a compris que l\u2019homme n\u2019\u00e9tait pas son ami. Alors saisir un ne serait-ce qu\u2019un petit instant photographique \u00e0 ses c\u00f4t\u00e9s est un r\u00e9el moment d\u2019\u00e9merveillement. J\u2019aime beaucoup l\u2019id\u00e9e que nous puissions profiter d\u2019un animal sans le toucher, sans se l\u2019approprier. Juste \u00eatre l\u00e0, contemplatif, reconnaissant et bienveillant \u00e0 son \u00e9gard.<\/p><p>Si je n\u2019avais qu\u2019une mission sur terre, ce serait de raconter et de photographier cette faune sauvage dans le silence pour essayer de la prot\u00e9ger \u00e0 mon modeste niveau\u2026<\/p>\t\t\t\t\t\t\t\t<\/div>\n\t\t\t\t<div class=\"elementor-element elementor-element-7c76a67 elementor-widget elementor-widget-image\" data-id=\"7c76a67\" data-element_type=\"widget\" data-e-type=\"widget\" data-widget_type=\"image.default\">\n\t\t\t\t\t\t\t\t\t\t\t\t\t\t\t<img decoding=\"async\" width=\"2560\" height=\"1708\" src=\"https:\/\/valentinecarre-photographe.com\/wp-content\/uploads\/2022\/08\/A7R05921-scaled.jpg\" class=\"attachment-full size-full wp-image-1893\" alt=\"Mouflon corse ALT , valentine carr\u00e9\" srcset=\"https:\/\/valentinecarre-photographe.com\/wp-content\/uploads\/2022\/08\/A7R05921-scaled.jpg 2560w, https:\/\/valentinecarre-photographe.com\/wp-content\/uploads\/2022\/08\/A7R05921-scaled-400x267.jpg 400w, https:\/\/valentinecarre-photographe.com\/wp-content\/uploads\/2022\/08\/A7R05921-300x200.jpg 300w, https:\/\/valentinecarre-photographe.com\/wp-content\/uploads\/2022\/08\/A7R05921-1024x683.jpg 1024w, https:\/\/valentinecarre-photographe.com\/wp-content\/uploads\/2022\/08\/A7R05921-768x512.jpg 768w, https:\/\/valentinecarre-photographe.com\/wp-content\/uploads\/2022\/08\/A7R05921-1536x1025.jpg 1536w, https:\/\/valentinecarre-photographe.com\/wp-content\/uploads\/2022\/08\/A7R05921-2048x1366.jpg 2048w\" sizes=\"(max-width: 2560px) 100vw, 2560px\" title=\"%Valentine Carre Photographe% %Photographie nature Corse%\">\t\t\t\t\t\t\t\t\t\t\t\t\t\t\t<\/div>\n\t\t\t\t<div class=\"elementor-element elementor-element-5ef841b elementor-widget elementor-widget-heading\" data-id=\"5ef841b\" data-element_type=\"widget\" data-e-type=\"widget\" data-widget_type=\"heading.default\">\n\t\t\t\t\t<h2 class=\"elementor-heading-title elementor-size-default\">Le mouflon Corse <\/h2>\t\t\t\t<\/div>\n\t\t\t\t<div class=\"elementor-element elementor-element-150b6a38 elementor-drop-cap-yes elementor-drop-cap-view-default elementor-widget elementor-widget-text-editor\" data-id=\"150b6a38\" data-element_type=\"widget\" data-e-type=\"widget\" data-settings=\"{&quot;drop_cap&quot;:&quot;yes&quot;}\" data-widget_type=\"text-editor.default\">\n\t\t\t\t\t\t\t\t\t<p><strong>Embl\u00e8me de l\u2019\u00eele de beaut\u00e9,<\/strong> le mouflon est un animal rest\u00e9<strong> libre et sauvage<\/strong>. Pr\u00e9sent sur les massifs de <strong>Bavella et du Monte Cinto<\/strong>, il vit dans les massifs en altitude.<\/p><p>Chass\u00e9s par des chasseurs chassant par tr\u00e8s bien chass\u00e9s (\u00e0 r\u00e9p\u00e9ter plusieurs fois), enfin, des chasseurs quoi ! Vous savez ceux qui pensent \u00eatre des bienfaiteurs de la nature en r\u00e9gulant les esp\u00e8ces et en d\u00e9truisant la biodiversit\u00e9 et leur \u00e9cosyst\u00e8me sur leur passage, oui, vous voyez de qui je parle ? On en connait tous dans notre entourage ! Et bien, en 1950, le mouflon a failli totalement disparaitre\u2026 C\u2019est en 1953 que la chasse des mouflons a \u00e9t\u00e9 interdite en Corse. Quant \u00e0 la protection de l\u2019esp\u00e8ce, il aura fallu attendre jusqu\u2019en 2019\u2026<\/p><p>2019 pour prot\u00e9ger l\u2019un des embl\u00e8mes de l\u2019\u00eele, vous imaginez ? <strong>L\u2019esp\u00e8ce est pour autant toujours menac\u00e9e<\/strong>. Elle est consid\u00e9r\u00e9e comme \u201cvuln\u00e9rable\u201d pour la population du Cinto, et \u201cen danger\u201d pour celle de Bavella. Entre changements climatiques, incendies et pr\u00e9sences humaines, les populations de mouflons ont du mal \u00e0 prosp\u00e9rer.<\/p>\t\t\t\t\t\t\t\t<\/div>\n\t\t\t\t<div class=\"elementor-element elementor-element-4e200d86 elementor-widget elementor-widget-text-editor\" data-id=\"4e200d86\" data-element_type=\"widget\" data-e-type=\"widget\" data-widget_type=\"text-editor.default\">\n\t\t\t\t\t\t\t\t\t<p><strong>L\u2019arr\u00eat\u00e9 du 1er mars 2019 stipule que\u00a0:<\/strong><br \/><strong>\u2013 Le Mouflon corse est supprim\u00e9 dans la liste des gibiers chassables de l\u2019arr\u00eat\u00e9 du 26 juin 1987 <\/strong><br \/><strong>\u2013 Le Mouflon corse int\u00e8gre la liste des mammif\u00e8res prot\u00e9g\u00e9s de France m\u00e9tropolitaine dont la Corse, de l\u2019arr\u00eat\u00e9 du 23 avril 2007<\/strong><\/p>\t\t\t\t\t\t\t\t<\/div>\n\t\t\t\t<div class=\"elementor-element elementor-element-1fb55dc9 elementor-widget elementor-widget-image\" data-id=\"1fb55dc9\" data-element_type=\"widget\" data-e-type=\"widget\" data-widget_type=\"image.default\">\n\t\t\t\t\t\t\t\t\t\t\t\t\t\t\t<img decoding=\"async\" width=\"2560\" height=\"1708\" src=\"https:\/\/valentinecarre-photographe.com\/wp-content\/uploads\/2022\/08\/A7R05934-scaled.jpg\" class=\"attachment-full size-full wp-image-1895\" alt=\"Mouflon corse, valentine carr\u00e9\" srcset=\"https:\/\/valentinecarre-photographe.com\/wp-content\/uploads\/2022\/08\/A7R05934-scaled.jpg 2560w, https:\/\/valentinecarre-photographe.com\/wp-content\/uploads\/2022\/08\/A7R05934-scaled-400x267.jpg 400w, https:\/\/valentinecarre-photographe.com\/wp-content\/uploads\/2022\/08\/A7R05934-300x200.jpg 300w, https:\/\/valentinecarre-photographe.com\/wp-content\/uploads\/2022\/08\/A7R05934-1024x683.jpg 1024w, https:\/\/valentinecarre-photographe.com\/wp-content\/uploads\/2022\/08\/A7R05934-768x512.jpg 768w, https:\/\/valentinecarre-photographe.com\/wp-content\/uploads\/2022\/08\/A7R05934-1536x1025.jpg 1536w, https:\/\/valentinecarre-photographe.com\/wp-content\/uploads\/2022\/08\/A7R05934-2048x1366.jpg 2048w\" sizes=\"(max-width: 2560px) 100vw, 2560px\" title=\"%Valentine Carre Photographe% %Photographie nature Corse%\">\t\t\t\t\t\t\t\t\t\t\t\t\t\t\t<\/div>\n\t\t\t\t<div class=\"elementor-element elementor-element-201afb62 elementor-widget elementor-widget-heading\" data-id=\"201afb62\" data-element_type=\"widget\" data-e-type=\"widget\" data-widget_type=\"heading.default\">\n\t\t\t\t\t<h2 class=\"elementor-heading-title elementor-size-default\">Quelques infos sur le Mouflon... <\/h2>\t\t\t\t<\/div>\n\t\t\t\t<div class=\"elementor-element elementor-element-dbc6ba6 elementor-widget elementor-widget-accordion\" data-id=\"dbc6ba6\" data-element_type=\"widget\" data-e-type=\"widget\" data-widget_type=\"accordion.default\">\n\t\t\t\t\t\t\t<div class=\"elementor-accordion\">\n\t\t\t\t\t\t\t<div class=\"elementor-accordion-item\">\n\t\t\t\t\t<div id=\"elementor-tab-title-2301\" class=\"elementor-tab-title\" data-tab=\"1\" role=\"button\" aria-controls=\"elementor-tab-content-2301\" aria-expanded=\"false\">\n\t\t\t\t\t\t\t\t\t\t\t\t\t<span class=\"elementor-accordion-icon elementor-accordion-icon-left\" aria-hidden=\"true\">\n\t\t\t\t\t\t\t\t\t\t\t\t\t\t\t<span class=\"elementor-accordion-icon-closed\"><svg class=\"e-font-icon-svg e-fas-plus\" viewBox=\"0 0 448 512\" xmlns=\"http:\/\/www.w3.org\/2000\/svg\"><path d=\"M416 208H272V64c0-17.67-14.33-32-32-32h-32c-17.67 0-32 14.33-32 32v144H32c-17.67 0-32 14.33-32 32v32c0 17.67 14.33 32 32 32h144v144c0 17.67 14.33 32 32 32h32c17.67 0 32-14.33 32-32V304h144c17.67 0 32-14.33 32-32v-32c0-17.67-14.33-32-32-32z\"><\/path><\/svg><\/span>\n\t\t\t\t\t\t\t\t<span class=\"elementor-accordion-icon-opened\"><svg class=\"e-font-icon-svg e-fas-minus\" viewBox=\"0 0 448 512\" xmlns=\"http:\/\/www.w3.org\/2000\/svg\"><path d=\"M416 208H32c-17.67 0-32 14.33-32 32v32c0 17.67 14.33 32 32 32h384c17.67 0 32-14.33 32-32v-32c0-17.67-14.33-32-32-32z\"><\/path><\/svg><\/span>\n\t\t\t\t\t\t\t\t\t\t\t\t\t\t<\/span>\n\t\t\t\t\t\t\t\t\t\t\t\t<a class=\"elementor-accordion-title\" tabindex=\"0\">Un mouflet, une moufle, des mouflons ? <\/a>\n\t\t\t\t\t<\/div>\n\t\t\t\t\t<div id=\"elementor-tab-content-2301\" class=\"elementor-tab-content elementor-clearfix\" data-tab=\"1\" role=\"region\" aria-labelledby=\"elementor-tab-title-2301\"><p>Non, non et non.<\/p><ul><li>Le m\u00e2le est appel\u00e9 b\u00e9lier<\/li><li>La femelle est appel\u00e9e brebis<\/li><li>Le jeune est appel\u00e9 agneau.<\/li><\/ul><\/div>\n\t\t\t\t<\/div>\n\t\t\t\t\t\t\t<div class=\"elementor-accordion-item\">\n\t\t\t\t\t<div id=\"elementor-tab-title-2302\" class=\"elementor-tab-title\" data-tab=\"2\" role=\"button\" aria-controls=\"elementor-tab-content-2302\" aria-expanded=\"false\">\n\t\t\t\t\t\t\t\t\t\t\t\t\t<span class=\"elementor-accordion-icon elementor-accordion-icon-left\" aria-hidden=\"true\">\n\t\t\t\t\t\t\t\t\t\t\t\t\t\t\t<span class=\"elementor-accordion-icon-closed\"><svg class=\"e-font-icon-svg e-fas-plus\" viewBox=\"0 0 448 512\" xmlns=\"http:\/\/www.w3.org\/2000\/svg\"><path d=\"M416 208H272V64c0-17.67-14.33-32-32-32h-32c-17.67 0-32 14.33-32 32v144H32c-17.67 0-32 14.33-32 32v32c0 17.67 14.33 32 32 32h144v144c0 17.67 14.33 32 32 32h32c17.67 0 32-14.33 32-32V304h144c17.67 0 32-14.33 32-32v-32c0-17.67-14.33-32-32-32z\"><\/path><\/svg><\/span>\n\t\t\t\t\t\t\t\t<span class=\"elementor-accordion-icon-opened\"><svg class=\"e-font-icon-svg e-fas-minus\" viewBox=\"0 0 448 512\" xmlns=\"http:\/\/www.w3.org\/2000\/svg\"><path d=\"M416 208H32c-17.67 0-32 14.33-32 32v32c0 17.67 14.33 32 32 32h384c17.67 0 32-14.33 32-32v-32c0-17.67-14.33-32-32-32z\"><\/path><\/svg><\/span>\n\t\t\t\t\t\t\t\t\t\t\t\t\t\t<\/span>\n\t\t\t\t\t\t\t\t\t\t\t\t<a class=\"elementor-accordion-title\" tabindex=\"0\">Taille <\/a>\n\t\t\t\t\t<\/div>\n\t\t\t\t\t<div id=\"elementor-tab-content-2302\" class=\"elementor-tab-content elementor-clearfix\" data-tab=\"2\" role=\"region\" aria-labelledby=\"elementor-tab-title-2302\"><p>75 \u00e0 85 cm de hauteur au garrot \/ Longueur totale de 120 \u00e0 140 cm<\/p><\/div>\n\t\t\t\t<\/div>\n\t\t\t\t\t\t\t<div class=\"elementor-accordion-item\">\n\t\t\t\t\t<div id=\"elementor-tab-title-2303\" class=\"elementor-tab-title\" data-tab=\"3\" role=\"button\" aria-controls=\"elementor-tab-content-2303\" aria-expanded=\"false\">\n\t\t\t\t\t\t\t\t\t\t\t\t\t<span class=\"elementor-accordion-icon elementor-accordion-icon-left\" aria-hidden=\"true\">\n\t\t\t\t\t\t\t\t\t\t\t\t\t\t\t<span class=\"elementor-accordion-icon-closed\"><svg class=\"e-font-icon-svg e-fas-plus\" viewBox=\"0 0 448 512\" xmlns=\"http:\/\/www.w3.org\/2000\/svg\"><path d=\"M416 208H272V64c0-17.67-14.33-32-32-32h-32c-17.67 0-32 14.33-32 32v144H32c-17.67 0-32 14.33-32 32v32c0 17.67 14.33 32 32 32h144v144c0 17.67 14.33 32 32 32h32c17.67 0 32-14.33 32-32V304h144c17.67 0 32-14.33 32-32v-32c0-17.67-14.33-32-32-32z\"><\/path><\/svg><\/span>\n\t\t\t\t\t\t\t\t<span class=\"elementor-accordion-icon-opened\"><svg class=\"e-font-icon-svg e-fas-minus\" viewBox=\"0 0 448 512\" xmlns=\"http:\/\/www.w3.org\/2000\/svg\"><path d=\"M416 208H32c-17.67 0-32 14.33-32 32v32c0 17.67 14.33 32 32 32h384c17.67 0 32-14.33 32-32v-32c0-17.67-14.33-32-32-32z\"><\/path><\/svg><\/span>\n\t\t\t\t\t\t\t\t\t\t\t\t\t\t<\/span>\n\t\t\t\t\t\t\t\t\t\t\t\t<a class=\"elementor-accordion-title\" tabindex=\"0\">Poids <\/a>\n\t\t\t\t\t<\/div>\n\t\t\t\t\t<div id=\"elementor-tab-content-2303\" class=\"elementor-tab-content elementor-clearfix\" data-tab=\"3\" role=\"region\" aria-labelledby=\"elementor-tab-title-2303\"><p>M\u00e2le 40 \u00e0 60 kg \/ Femelle 30 \u00e0 40 kg<\/p><\/div>\n\t\t\t\t<\/div>\n\t\t\t\t\t\t\t<div class=\"elementor-accordion-item\">\n\t\t\t\t\t<div id=\"elementor-tab-title-2304\" class=\"elementor-tab-title\" data-tab=\"4\" role=\"button\" aria-controls=\"elementor-tab-content-2304\" aria-expanded=\"false\">\n\t\t\t\t\t\t\t\t\t\t\t\t\t<span class=\"elementor-accordion-icon elementor-accordion-icon-left\" aria-hidden=\"true\">\n\t\t\t\t\t\t\t\t\t\t\t\t\t\t\t<span class=\"elementor-accordion-icon-closed\"><svg class=\"e-font-icon-svg e-fas-plus\" viewBox=\"0 0 448 512\" xmlns=\"http:\/\/www.w3.org\/2000\/svg\"><path d=\"M416 208H272V64c0-17.67-14.33-32-32-32h-32c-17.67 0-32 14.33-32 32v144H32c-17.67 0-32 14.33-32 32v32c0 17.67 14.33 32 32 32h144v144c0 17.67 14.33 32 32 32h32c17.67 0 32-14.33 32-32V304h144c17.67 0 32-14.33 32-32v-32c0-17.67-14.33-32-32-32z\"><\/path><\/svg><\/span>\n\t\t\t\t\t\t\t\t<span class=\"elementor-accordion-icon-opened\"><svg class=\"e-font-icon-svg e-fas-minus\" viewBox=\"0 0 448 512\" xmlns=\"http:\/\/www.w3.org\/2000\/svg\"><path d=\"M416 208H32c-17.67 0-32 14.33-32 32v32c0 17.67 14.33 32 32 32h384c17.67 0 32-14.33 32-32v-32c0-17.67-14.33-32-32-32z\"><\/path><\/svg><\/span>\n\t\t\t\t\t\t\t\t\t\t\t\t\t\t<\/span>\n\t\t\t\t\t\t\t\t\t\t\t\t<a class=\"elementor-accordion-title\" tabindex=\"0\">Alimentation<\/a>\n\t\t\t\t\t<\/div>\n\t\t\t\t\t<div id=\"elementor-tab-content-2304\" class=\"elementor-tab-content elementor-clearfix\" data-tab=\"4\" role=\"region\" aria-labelledby=\"elementor-tab-title-2304\"><p>Herbivore : plantes ligneuses (pins, fr\u00eanes\u2026), herbac\u00e9es<\/p><\/div>\n\t\t\t\t<\/div>\n\t\t\t\t\t\t\t<div class=\"elementor-accordion-item\">\n\t\t\t\t\t<div id=\"elementor-tab-title-2305\" class=\"elementor-tab-title\" data-tab=\"5\" role=\"button\" aria-controls=\"elementor-tab-content-2305\" aria-expanded=\"false\">\n\t\t\t\t\t\t\t\t\t\t\t\t\t<span class=\"elementor-accordion-icon elementor-accordion-icon-left\" aria-hidden=\"true\">\n\t\t\t\t\t\t\t\t\t\t\t\t\t\t\t<span class=\"elementor-accordion-icon-closed\"><svg class=\"e-font-icon-svg e-fas-plus\" viewBox=\"0 0 448 512\" xmlns=\"http:\/\/www.w3.org\/2000\/svg\"><path d=\"M416 208H272V64c0-17.67-14.33-32-32-32h-32c-17.67 0-32 14.33-32 32v144H32c-17.67 0-32 14.33-32 32v32c0 17.67 14.33 32 32 32h144v144c0 17.67 14.33 32 32 32h32c17.67 0 32-14.33 32-32V304h144c17.67 0 32-14.33 32-32v-32c0-17.67-14.33-32-32-32z\"><\/path><\/svg><\/span>\n\t\t\t\t\t\t\t\t<span class=\"elementor-accordion-icon-opened\"><svg class=\"e-font-icon-svg e-fas-minus\" viewBox=\"0 0 448 512\" xmlns=\"http:\/\/www.w3.org\/2000\/svg\"><path d=\"M416 208H32c-17.67 0-32 14.33-32 32v32c0 17.67 14.33 32 32 32h384c17.67 0 32-14.33 32-32v-32c0-17.67-14.33-32-32-32z\"><\/path><\/svg><\/span>\n\t\t\t\t\t\t\t\t\t\t\t\t\t\t<\/span>\n\t\t\t\t\t\t\t\t\t\t\t\t<a class=\"elementor-accordion-title\" tabindex=\"0\">Long\u00e9vit\u00e9 <\/a>\n\t\t\t\t\t<\/div>\n\t\t\t\t\t<div id=\"elementor-tab-content-2305\" class=\"elementor-tab-content elementor-clearfix\" data-tab=\"5\" role=\"region\" aria-labelledby=\"elementor-tab-title-2305\"><p>Sa dur\u00e9e de vie est en moyenne comprise entre 10 et 15 ans.<\/p><\/div>\n\t\t\t\t<\/div>\n\t\t\t\t\t\t\t<div class=\"elementor-accordion-item\">\n\t\t\t\t\t<div id=\"elementor-tab-title-2306\" class=\"elementor-tab-title\" data-tab=\"6\" role=\"button\" aria-controls=\"elementor-tab-content-2306\" aria-expanded=\"false\">\n\t\t\t\t\t\t\t\t\t\t\t\t\t<span class=\"elementor-accordion-icon elementor-accordion-icon-left\" aria-hidden=\"true\">\n\t\t\t\t\t\t\t\t\t\t\t\t\t\t\t<span class=\"elementor-accordion-icon-closed\"><svg class=\"e-font-icon-svg e-fas-plus\" viewBox=\"0 0 448 512\" xmlns=\"http:\/\/www.w3.org\/2000\/svg\"><path d=\"M416 208H272V64c0-17.67-14.33-32-32-32h-32c-17.67 0-32 14.33-32 32v144H32c-17.67 0-32 14.33-32 32v32c0 17.67 14.33 32 32 32h144v144c0 17.67 14.33 32 32 32h32c17.67 0 32-14.33 32-32V304h144c17.67 0 32-14.33 32-32v-32c0-17.67-14.33-32-32-32z\"><\/path><\/svg><\/span>\n\t\t\t\t\t\t\t\t<span class=\"elementor-accordion-icon-opened\"><svg class=\"e-font-icon-svg e-fas-minus\" viewBox=\"0 0 448 512\" xmlns=\"http:\/\/www.w3.org\/2000\/svg\"><path d=\"M416 208H32c-17.67 0-32 14.33-32 32v32c0 17.67 14.33 32 32 32h384c17.67 0 32-14.33 32-32v-32c0-17.67-14.33-32-32-32z\"><\/path><\/svg><\/span>\n\t\t\t\t\t\t\t\t\t\t\t\t\t\t<\/span>\n\t\t\t\t\t\t\t\t\t\t\t\t<a class=\"elementor-accordion-title\" tabindex=\"0\">Reproduction <\/a>\n\t\t\t\t\t<\/div>\n\t\t\t\t\t<div id=\"elementor-tab-content-2306\" class=\"elementor-tab-content elementor-clearfix\" data-tab=\"6\" role=\"region\" aria-labelledby=\"elementor-tab-title-2306\"><p>Maturit\u00e9 sexuelle : 1 an et demi pour les deux sexes.\u00a0<br \/>Les mouflons de Corse se reproduisent entre octobre et d\u00e9but janvier.Les mises bas se font au printemps.<br \/>Nombre de jeunes : Les femelles n\u2019ont qu\u2019un agneau, rarement deux.\u00a0<br \/>Dur\u00e9e de la gestation : 5 mois <br \/>Sevrage : 4 mois<\/p><\/div>\n\t\t\t\t<\/div>\n\t\t\t\t\t\t\t\t<\/div>\n\t\t\t\t\t\t<\/div>\n\t\t\t\t<div class=\"elementor-element elementor-element-678375fd elementor-widget elementor-widget-image\" data-id=\"678375fd\" data-element_type=\"widget\" data-e-type=\"widget\" data-widget_type=\"image.default\">\n\t\t\t\t\t\t\t\t\t\t\t\t\t\t\t<img loading=\"lazy\" decoding=\"async\" width=\"2560\" height=\"1708\" src=\"https:\/\/valentinecarre-photographe.com\/wp-content\/uploads\/2022\/08\/A7R05957-scaled.jpg\" class=\"attachment-full size-full wp-image-1904\" alt=\"Mouflons corses\" srcset=\"https:\/\/valentinecarre-photographe.com\/wp-content\/uploads\/2022\/08\/A7R05957-scaled.jpg 2560w, https:\/\/valentinecarre-photographe.com\/wp-content\/uploads\/2022\/08\/A7R05957-scaled-400x267.jpg 400w, https:\/\/valentinecarre-photographe.com\/wp-content\/uploads\/2022\/08\/A7R05957-300x200.jpg 300w, https:\/\/valentinecarre-photographe.com\/wp-content\/uploads\/2022\/08\/A7R05957-1024x683.jpg 1024w, https:\/\/valentinecarre-photographe.com\/wp-content\/uploads\/2022\/08\/A7R05957-768x512.jpg 768w, https:\/\/valentinecarre-photographe.com\/wp-content\/uploads\/2022\/08\/A7R05957-1536x1025.jpg 1536w, https:\/\/valentinecarre-photographe.com\/wp-content\/uploads\/2022\/08\/A7R05957-2048x1366.jpg 2048w\" sizes=\"(max-width: 2560px) 100vw, 2560px\" title=\"%Valentine Carre Photographe% %Photographie nature Corse%\">\t\t\t\t\t\t\t\t\t\t\t\t\t\t\t<\/div>\n\t\t\t\t<div class=\"elementor-element elementor-element-596e1286 elementor-widget elementor-widget-text-editor\" data-id=\"596e1286\" data-element_type=\"widget\" data-e-type=\"widget\" data-widget_type=\"text-editor.default\">\n\t\t\t\t\t\t\t\t\t<p>-&gt; Si vous le souhaitez, vous pouvez me contacter afin d\u2019acheter une\u00a0<strong>photo sur papier Fine Art<\/strong>. Le premier format est au prix de 35 Euros, livraison incluse. Vous pouvez aussi simplement<strong>\u00a0laisser un commentaire ou\/et partager cet article<\/strong>\u00a0pour faire conna\u00eetre mon travail. Merci d\u2019avoir lu jusqu\u2019ici et merci de vous int\u00e9resser aussi \u00e0 la faune sauvage. \ud83d\ude42\u00a0<\/p>\t\t\t\t\t\t\t\t<\/div>\n\t\t\t\t<div class=\"elementor-element elementor-element-797db237 elementor-widget elementor-widget-heading\" data-id=\"797db237\" data-element_type=\"widget\" data-e-type=\"widget\" data-widget_type=\"heading.default\">\n\t\t\t\t\t<h2 class=\"elementor-heading-title elementor-size-default\">D\u00e9couvrez toutes mes photos des mouflons !  <\/h2>\t\t\t\t<\/div>\n\t\t\t\t<div class=\"elementor-element elementor-element-1271ec66 elementor-align-center elementor-widget elementor-widget-button\" data-id=\"1271ec66\" data-element_type=\"widget\" data-e-type=\"widget\" data-widget_type=\"button.default\">\n\t\t\t\t\t\t\t\t\t\t<a class=\"elementor-button elementor-button-link elementor-size-sm\" href=\"https:\/\/valentinecarre-photographe.com\/index.php\/portfolio\/mouflons\/\">\n\t\t\t\t\t\t<span class=\"elementor-button-content-wrapper\">\n\t\t\t\t\t\t\t\t\t<span class=\"elementor-button-text\">Cliquez ici<\/span>\n\t\t\t\t\t<\/span>\n\t\t\t\t\t<\/a>\n\t\t\t\t\t\t\t\t<\/div>\n\t\t\t\t\t<\/div>\n\t\t<\/div>\n\t\t\t\t\t<\/div>\n\t\t<\/section>\n\t\t\t\t<section class=\"elementor-section elementor-top-section elementor-element elementor-element-d00e9df elementor-section-height-min-height elementor-section-boxed elementor-section-height-default elementor-section-items-middle wpr-particle-no wpr-jarallax-no wpr-parallax-no wpr-sticky-section-no wpr-equal-height-no\" data-id=\"d00e9df\" data-element_type=\"section\" data-e-type=\"section\" data-settings=\"{&quot;background_background&quot;:&quot;classic&quot;}\">\n\t\t\t\t\t\t\t<div class=\"elementor-background-overlay\"><\/div>\n\t\t\t\t\t\t\t<div class=\"elementor-container elementor-column-gap-default\">\n\t\t\t\t\t<div class=\"elementor-column elementor-col-100 elementor-top-column elementor-element elementor-element-8f35bb2\" data-id=\"8f35bb2\" data-element_type=\"column\" data-e-type=\"column\">\n\t\t\t<div class=\"elementor-widget-wrap elementor-element-populated\">\n\t\t\t\t\t\t<div class=\"elementor-element elementor-element-762cf0d elementor-widget elementor-widget-heading\" data-id=\"762cf0d\" data-element_type=\"widget\" data-e-type=\"widget\" data-widget_type=\"heading.default\">\n\t\t\t\t\t<h2 class=\"elementor-heading-title elementor-size-default\">Retourner sur le blog ? <\/h2>\t\t\t\t<\/div>\n\t\t\t\t<div class=\"elementor-element elementor-element-e9bd04a wpr-button-icon-style-inline wpr-button-icon-position-right elementor-widget elementor-widget-wpr-button\" data-id=\"e9bd04a\" data-element_type=\"widget\" data-e-type=\"widget\" data-widget_type=\"wpr-button.default\">\n\t\t\t\t\t\t\n\t\t\t\n\t\t\n\t\t<div class=\"wpr-button-wrap elementor-clearfix\">\n\t\t<a class=\"wpr-button wpr-button-effect wpr-button-none\" data-text=\"\" href=\"https:\/\/valentinecarre-photographe.com\/index.php\/reportages-photos-corse\/\">\n\t\t\t\n\t\t\t<span class=\"wpr-button-content\">\n\t\t\t\t\t\t\t\t\t<span class=\"wpr-button-text\">Par ici <\/span>\n\t\t\t\t\t\t\t\t\n\t\t\t\t\t\t\t<\/span>\n\t\t<\/a>\n\n\t\t\t\t<\/div>\n\t\n\t\n\t\t\t\t\t<\/div>\n\t\t\t\t\t<\/div>\n\t\t<\/div>\n\t\t\t\t\t<\/div>\n\t\t<\/section>\n\t\t\t\t<\/div>\n\t\t","protected":false},"excerpt":{"rendered":"<p>En 2022, nous partons pour la premi\u00e8re fois \u00e0 la rencontre des Mouflons de l&rsquo;\u00eele. Un face-\u00e0-face que je ne suis pas pr\u00eate d&rsquo;oublier !<\/p>\n","protected":false},"author":1,"featured_media":752,"comment_status":"open","ping_status":"open","sticky":false,"template":"","format":"standard","meta":{"ocean_post_layout":"","ocean_both_sidebars_style":"","ocean_both_sidebars_content_width":0,"ocean_both_sidebars_sidebars_width":0,"ocean_sidebar":"0","ocean_second_sidebar":"0","ocean_disable_margins":"enable","ocean_add_body_class":"","ocean_shortcode_before_top_bar":"","ocean_shortcode_after_top_bar":"","ocean_shortcode_before_header":"","ocean_shortcode_after_header":"","ocean_has_shortcode":"","ocean_shortcode_after_title":"","ocean_shortcode_before_footer_widgets":"","ocean_shortcode_after_footer_widgets":"","ocean_shortcode_before_footer_bottom":"","ocean_shortcode_after_footer_bottom":"","ocean_display_top_bar":"default","ocean_display_header":"default","ocean_header_style":"","ocean_center_header_left_menu":"0","ocean_custom_header_template":"0","ocean_custom_logo":0,"ocean_custom_retina_logo":0,"ocean_custom_logo_max_width":0,"ocean_custom_logo_tablet_max_width":0,"ocean_custom_logo_mobile_max_width":0,"ocean_custom_logo_max_height":0,"ocean_custom_logo_tablet_max_height":0,"ocean_custom_logo_mobile_max_height":0,"ocean_header_custom_menu":"0","ocean_menu_typo_font_family":"0","ocean_menu_typo_font_subset":"","ocean_menu_typo_font_size":0,"ocean_menu_typo_font_size_tablet":0,"ocean_menu_typo_font_size_mobile":0,"ocean_menu_typo_font_size_unit":"px","ocean_menu_typo_font_weight":"","ocean_menu_typo_font_weight_tablet":"","ocean_menu_typo_font_weight_mobile":"","ocean_menu_typo_transform":"","ocean_menu_typo_transform_tablet":"","ocean_menu_typo_transform_mobile":"","ocean_menu_typo_line_height":0,"ocean_menu_typo_line_height_tablet":0,"ocean_menu_typo_line_height_mobile":0,"ocean_menu_typo_line_height_unit":"","ocean_menu_typo_spacing":0,"ocean_menu_typo_spacing_tablet":0,"ocean_menu_typo_spacing_mobile":0,"ocean_menu_typo_spacing_unit":"","ocean_menu_link_color":"","ocean_menu_link_color_hover":"","ocean_menu_link_color_active":"","ocean_menu_link_background":"","ocean_menu_link_hover_background":"","ocean_menu_link_active_background":"","ocean_menu_social_links_bg":"","ocean_menu_social_hover_links_bg":"","ocean_menu_social_links_color":"","ocean_menu_social_hover_links_color":"","ocean_disable_title":"default","ocean_disable_heading":"default","ocean_post_title":"","ocean_post_subheading":"","ocean_post_title_style":"","ocean_post_title_background_color":"","ocean_post_title_background":0,"ocean_post_title_bg_image_position":"","ocean_post_title_bg_image_attachment":"","ocean_post_title_bg_image_repeat":"","ocean_post_title_bg_image_size":"","ocean_post_title_height":0,"ocean_post_title_bg_overlay":0.5,"ocean_post_title_bg_overlay_color":"","ocean_disable_breadcrumbs":"default","ocean_breadcrumbs_color":"","ocean_breadcrumbs_separator_color":"","ocean_breadcrumbs_links_color":"","ocean_breadcrumbs_links_hover_color":"","ocean_display_footer_widgets":"default","ocean_display_footer_bottom":"default","ocean_custom_footer_template":"0","ocean_post_oembed":"","ocean_post_self_hosted_media":"","ocean_post_video_embed":"","ocean_link_format":"","ocean_link_format_target":"self","ocean_quote_format":"","ocean_quote_format_link":"post","ocean_gallery_link_images":"off","ocean_gallery_id":[],"footnotes":""},"categories":[17],"tags":[131,130,128,129],"class_list":["post-1802","post","type-post","status-publish","format-standard","has-post-thumbnail","hentry","category-reportages","tag-mouflons-asco","tag-mouflons-de-bavella","tag-mouflons-de-corse","tag-mouflons-insulaires","entry","has-media","owp-thumbs-layout-vertical","owp-btn-big","owp-tabs-layout-horizontal","has-no-thumbnails","has-product-nav","circle-sale"],"_links":{"self":[{"href":"https:\/\/valentinecarre-photographe.com\/index.php\/wp-json\/wp\/v2\/posts\/1802","targetHints":{"allow":["GET"]}}],"collection":[{"href":"https:\/\/valentinecarre-photographe.com\/index.php\/wp-json\/wp\/v2\/posts"}],"about":[{"href":"https:\/\/valentinecarre-photographe.com\/index.php\/wp-json\/wp\/v2\/types\/post"}],"author":[{"embeddable":true,"href":"https:\/\/valentinecarre-photographe.com\/index.php\/wp-json\/wp\/v2\/users\/1"}],"replies":[{"embeddable":true,"href":"https:\/\/valentinecarre-photographe.com\/index.php\/wp-json\/wp\/v2\/comments?post=1802"}],"version-history":[{"count":11,"href":"https:\/\/valentinecarre-photographe.com\/index.php\/wp-json\/wp\/v2\/posts\/1802\/revisions"}],"predecessor-version":[{"id":11262,"href":"https:\/\/valentinecarre-photographe.com\/index.php\/wp-json\/wp\/v2\/posts\/1802\/revisions\/11262"}],"wp:featuredmedia":[{"embeddable":true,"href":"https:\/\/valentinecarre-photographe.com\/index.php\/wp-json\/wp\/v2\/media\/752"}],"wp:attachment":[{"href":"https:\/\/valentinecarre-photographe.com\/index.php\/wp-json\/wp\/v2\/media?parent=1802"}],"wp:term":[{"taxonomy":"category","embeddable":true,"href":"https:\/\/valentinecarre-photographe.com\/index.php\/wp-json\/wp\/v2\/categories?post=1802"},{"taxonomy":"post_tag","embeddable":true,"href":"https:\/\/valentinecarre-photographe.com\/index.php\/wp-json\/wp\/v2\/tags?post=1802"}],"curies":[{"name":"wp","href":"https:\/\/api.w.org\/{rel}","templated":true}]}}