{"id":1810,"date":"2022-08-18T12:03:17","date_gmt":"2022-08-18T12:03:17","guid":{"rendered":"https:\/\/valentinecarre-photographe.com\/?p=1810"},"modified":"2025-02-11T10:21:32","modified_gmt":"2025-02-11T10:21:32","slug":"vanlife-amenagement-van-en-corse","status":"publish","type":"post","link":"https:\/\/valentinecarre-photographe.com\/index.php\/2022\/08\/18\/vanlife-amenagement-van-en-corse\/","title":{"rendered":"Vanlife : comment am\u00e9nager son van ?"},"content":{"rendered":"\t\t<div data-elementor-type=\"wp-post\" data-elementor-id=\"1810\" class=\"elementor elementor-1810\">\n\t\t\t\t\t\t<section class=\"elementor-section elementor-top-section elementor-element elementor-element-db51277 elementor-section-boxed elementor-section-height-default elementor-section-height-default wpr-particle-no wpr-jarallax-no wpr-parallax-no wpr-sticky-section-no wpr-equal-height-no\" data-id=\"db51277\" data-element_type=\"section\" data-e-type=\"section\" data-settings=\"{&quot;background_background&quot;:&quot;classic&quot;}\">\n\t\t\t\t\t\t\t<div class=\"elementor-background-overlay\"><\/div>\n\t\t\t\t\t\t\t<div class=\"elementor-container elementor-column-gap-default\">\n\t\t\t\t\t<div class=\"elementor-column elementor-col-100 elementor-top-column elementor-element elementor-element-3b52ea9\" data-id=\"3b52ea9\" data-element_type=\"column\" data-e-type=\"column\">\n\t\t\t<div class=\"elementor-widget-wrap elementor-element-populated\">\n\t\t\t\t\t\t<div class=\"elementor-element elementor-element-22241d7 elementor-widget elementor-widget-heading\" data-id=\"22241d7\" data-element_type=\"widget\" data-e-type=\"widget\" data-widget_type=\"heading.default\">\n\t\t\t\t\t<h1 class=\"elementor-heading-title elementor-size-default\">Vanlife : comment am\u00e9nager son van soi-m\u00eame ? <\/h1>\t\t\t\t<\/div>\n\t\t\t\t\t<\/div>\n\t\t<\/div>\n\t\t\t\t\t<\/div>\n\t\t<\/section>\n\t\t\t\t<section class=\"elementor-section elementor-top-section elementor-element elementor-element-114a255 elementor-section-boxed elementor-section-height-default elementor-section-height-default wpr-particle-no wpr-jarallax-no wpr-parallax-no wpr-sticky-section-no wpr-equal-height-no\" data-id=\"114a255\" data-element_type=\"section\" data-e-type=\"section\" data-settings=\"{&quot;background_background&quot;:&quot;classic&quot;}\">\n\t\t\t\t\t\t<div class=\"elementor-container elementor-column-gap-default\">\n\t\t\t\t\t<div class=\"elementor-column elementor-col-100 elementor-top-column elementor-element elementor-element-384e4b5\" data-id=\"384e4b5\" data-element_type=\"column\" data-e-type=\"column\">\n\t\t\t<div class=\"elementor-widget-wrap elementor-element-populated\">\n\t\t\t\t\t\t<div class=\"elementor-element elementor-element-b55340f elementor-widget elementor-widget-text-editor\" data-id=\"b55340f\" data-element_type=\"widget\" data-e-type=\"widget\" data-widget_type=\"text-editor.default\">\n\t\t\t\t\t\t\t\t\t<p>Je vous explique en 9 \u00e9tapes comment nous avons transform\u00e9 notre fourgon en Camping Car ! \ud83d\ude42\u00a0<\/p>\t\t\t\t\t\t\t\t<\/div>\n\t\t\t\t\t<\/div>\n\t\t<\/div>\n\t\t\t\t\t<\/div>\n\t\t<\/section>\n\t\t\t\t<section class=\"elementor-section elementor-top-section elementor-element elementor-element-5666c6f7 elementor-section-boxed elementor-section-height-default elementor-section-height-default wpr-particle-no wpr-jarallax-no wpr-parallax-no wpr-sticky-section-no wpr-equal-height-no\" data-id=\"5666c6f7\" data-element_type=\"section\" data-e-type=\"section\">\n\t\t\t\t\t\t<div class=\"elementor-container elementor-column-gap-default\">\n\t\t\t\t\t<div class=\"elementor-column elementor-col-100 elementor-top-column elementor-element elementor-element-2e1b0de7\" data-id=\"2e1b0de7\" data-element_type=\"column\" data-e-type=\"column\">\n\t\t\t<div class=\"elementor-widget-wrap elementor-element-populated\">\n\t\t\t\t\t\t<div class=\"elementor-element elementor-element-41142b0e elementor-invisible elementor-widget elementor-widget-wpr-before-after\" data-id=\"41142b0e\" data-element_type=\"widget\" data-e-type=\"widget\" data-settings=\"{&quot;_animation&quot;:&quot;fadeInUp&quot;}\" data-widget_type=\"wpr-before-after.default\">\n\t\t\t\t\t<div class=\"wpr-ba-image-container wpr-ba-horizontal wpr-ba-labels-default\" data-position=\"50\" data-trigger=\"drag\"><div class=\"wpr-ba-image-1\"><img decoding=\"async\" src=\"https:\/\/valentinecarre-photographe.com\/wp-content\/uploads\/2022\/08\/IMG_7549-Grande-1024x768-1.jpeg\" alt=\"%photographe en Corse, paysages de corse, photos nature corse% %oiseaux de corse%\" title=\"%Valentine Carre Photographe% %Photographie nature Corse%\"><\/div><div class=\"wpr-ba-image-2\"><img decoding=\"async\" src=\"https:\/\/valentinecarre-photographe.com\/wp-content\/uploads\/2022\/08\/IMG_1386-e1661348016872-1024x768.png\" alt=\"%photographe en Corse, paysages de corse, photos nature corse% %oiseaux de corse%\" title=\"%Valentine Carre Photographe% %Photographie nature Corse%\"><\/div><div class=\"wpr-ba-divider\"><div class=\"wpr-ba-divider-icons\"><i class=\"fa fa-caret-left\"><\/i><i class=\"fa fa-caret-right\"><\/i><\/div><\/div><div class=\"wpr-ba-label wpr-ba-label-1\"><div>Avant <\/div><\/div><div class=\"wpr-ba-label wpr-ba-label-2\"><div>Apr\u00e8s <\/div><\/div><\/div>\t\t\t\t<\/div>\n\t\t\t\t\t<\/div>\n\t\t<\/div>\n\t\t\t\t\t<\/div>\n\t\t<\/section>\n\t\t\t\t<section class=\"elementor-section elementor-top-section elementor-element elementor-element-25b34809 elementor-section-boxed elementor-section-height-default elementor-section-height-default wpr-particle-no wpr-jarallax-no wpr-parallax-no wpr-sticky-section-no wpr-equal-height-no\" data-id=\"25b34809\" data-element_type=\"section\" data-e-type=\"section\" data-settings=\"{&quot;background_background&quot;:&quot;classic&quot;}\">\n\t\t\t\t\t\t<div class=\"elementor-container elementor-column-gap-default\">\n\t\t\t\t\t<div class=\"elementor-column elementor-col-100 elementor-top-column elementor-element elementor-element-6605d085\" data-id=\"6605d085\" data-element_type=\"column\" data-e-type=\"column\">\n\t\t\t<div class=\"elementor-widget-wrap elementor-element-populated\">\n\t\t\t\t\t\t<div class=\"elementor-element elementor-element-e556c04 elementor-drop-cap-yes elementor-drop-cap-view-default elementor-widget elementor-widget-text-editor\" data-id=\"e556c04\" data-element_type=\"widget\" data-e-type=\"widget\" data-settings=\"{&quot;drop_cap&quot;:&quot;yes&quot;}\" data-widget_type=\"text-editor.default\">\n\t\t\t\t\t\t\t\t\t<p>Pour commencer, je vous ai pr\u00e9par\u00e9 une petite vid\u00e9o Youtube de nos travaux en acc\u00e9l\u00e9r\u00e9 ! \ud83d\ude42\u00a0<\/p>\t\t\t\t\t\t\t\t<\/div>\n\t\t\t\t<div class=\"elementor-element elementor-element-81802e2 elementor-widget elementor-widget-video\" data-id=\"81802e2\" data-element_type=\"widget\" data-e-type=\"widget\" data-settings=\"{&quot;youtube_url&quot;:&quot;https:\\\/\\\/youtu.be\\\/xXqArGBtfTM&quot;,&quot;video_type&quot;:&quot;youtube&quot;,&quot;controls&quot;:&quot;yes&quot;}\" data-widget_type=\"video.default\">\n\t\t\t\t\t\t\t<div class=\"elementor-wrapper elementor-open-inline\">\n\t\t\t<div class=\"elementor-video\"><\/div>\t\t<\/div>\n\t\t\t\t\t\t<\/div>\n\t\t\t\t<div class=\"elementor-element elementor-element-473b156 elementor-widget elementor-widget-text-editor\" data-id=\"473b156\" data-element_type=\"widget\" data-e-type=\"widget\" data-widget_type=\"text-editor.default\">\n\t\t\t\t\t\t\t\t\t<p>Bon alors, c\u2019est parti ! On reprend \u00e0 partir de Z\u00e9ro ! <strong>Voici l\u2019histoire de Simon<\/strong>. Hein, c\u2019est qui Simon ?<\/p><p>Simon, c\u2019est un<strong> Volkswagen T5 <\/strong>\u00e2g\u00e9 d\u2019une dizaine d\u2019ann\u00e9es. Apr\u00e8s avoir pas mal chauff\u00e9 les pneus comme transporteurs de marchandises sur la c\u00f4te Bretonne, il est venu se r\u00e9chauffer en Corse.<\/p><p>On vous explique en <strong>8 \u00e9tapes <\/strong>comment nous avons am\u00e9nag\u00e9 notre fourgon pour un budget de 5000 Euros VASP comprise. Et le tout, sans \u00eatre de grandes bricoleuses\u2026<\/p>\t\t\t\t\t\t\t\t<\/div>\n\t\t\t\t<div class=\"elementor-element elementor-element-6e8b6ed6 elementor-widget elementor-widget-heading\" data-id=\"6e8b6ed6\" data-element_type=\"widget\" data-e-type=\"widget\" data-widget_type=\"heading.default\">\n\t\t\t\t\t<h2 class=\"elementor-heading-title elementor-size-default\">Etape 1 : nettoyer le fourgon <\/h2>\t\t\t\t<\/div>\n\t\t\t\t<div class=\"elementor-element elementor-element-5a014241 elementor-widget elementor-widget-text-editor\" data-id=\"5a014241\" data-element_type=\"widget\" data-e-type=\"widget\" data-widget_type=\"text-editor.default\">\n\t\t\t\t\t\t\t\t\t<p>On commence par retirer les planches contreplaqu\u00e9 faisant partie du fourgon. Ce fut d\u2019ailleurs une belle gal\u00e8re de retirer les rivets quand on a pas le mat\u00e9riel ad\u00e9quat\u2026 (Chose indispensable : \u00eatre bricoleur et avoir de bons outils\u2026 vraiment !). Ensuite, on nettoie, il faut juste beaucoup d\u2019huile de coude pour d\u00e9crasser 10 ans de poussi\u00e8res accumul\u00e9es. On en profite aussi pour retirer la s\u00e9paration cabine\/utilitaire.\u00a0<\/p>\t\t\t\t\t\t\t\t<\/div>\n\t\t\t\t<div class=\"elementor-element elementor-element-38ded27 gallery-spacing-custom elementor-widget elementor-widget-image-gallery\" data-id=\"38ded27\" data-element_type=\"widget\" data-e-type=\"widget\" data-widget_type=\"image-gallery.default\">\n\t\t\t\t\t\t\t<div class=\"elementor-image-gallery\">\n\t\t\t\n<a data-elementor-open-lightbox=\"no\" href='https:\/\/valentinecarre-photographe.com\/wp-content\/uploads\/2022\/08\/IMG_4131-scaled.jpg'><img fetchpriority=\"high\" decoding=\"async\" width=\"768\" height=\"576\" src=\"https:\/\/valentinecarre-photographe.com\/wp-content\/uploads\/2022\/08\/IMG_4131-768x576.jpg\" class=\"attachment-medium_large size-medium_large\" alt=\"Am\u00e9nagement fourgon volkswagen t5 ALT, am\u00e9nager son fourgon soi-m\u00eame\" srcset=\"https:\/\/valentinecarre-photographe.com\/wp-content\/uploads\/2022\/08\/IMG_4131-768x576.jpg 768w, https:\/\/valentinecarre-photographe.com\/wp-content\/uploads\/2022\/08\/IMG_4131-scaled-400x300.jpg 400w, https:\/\/valentinecarre-photographe.com\/wp-content\/uploads\/2022\/08\/IMG_4131-300x225.jpg 300w, https:\/\/valentinecarre-photographe.com\/wp-content\/uploads\/2022\/08\/IMG_4131-1024x768.jpg 1024w, https:\/\/valentinecarre-photographe.com\/wp-content\/uploads\/2022\/08\/IMG_4131-1536x1152.jpg 1536w, https:\/\/valentinecarre-photographe.com\/wp-content\/uploads\/2022\/08\/IMG_4131-2048x1536.jpg 2048w\" sizes=\"(max-width: 768px) 100vw, 768px\" title=\"%Valentine Carre Photographe% %Photographie nature Corse%\"><\/a>\n<a data-elementor-open-lightbox=\"no\" href='https:\/\/valentinecarre-photographe.com\/wp-content\/uploads\/2022\/08\/IMG_4123-scaled.jpg'><img decoding=\"async\" width=\"768\" height=\"576\" src=\"https:\/\/valentinecarre-photographe.com\/wp-content\/uploads\/2022\/08\/IMG_4123-768x576.jpg\" class=\"attachment-medium_large size-medium_large\" alt=\"Am\u00e9nagement fourgon volkswagen t5 ALT, am\u00e9nager son fourgon soi-m\u00eame\" srcset=\"https:\/\/valentinecarre-photographe.com\/wp-content\/uploads\/2022\/08\/IMG_4123-768x576.jpg 768w, https:\/\/valentinecarre-photographe.com\/wp-content\/uploads\/2022\/08\/IMG_4123-scaled-400x300.jpg 400w, https:\/\/valentinecarre-photographe.com\/wp-content\/uploads\/2022\/08\/IMG_4123-300x225.jpg 300w, https:\/\/valentinecarre-photographe.com\/wp-content\/uploads\/2022\/08\/IMG_4123-1024x768.jpg 1024w, https:\/\/valentinecarre-photographe.com\/wp-content\/uploads\/2022\/08\/IMG_4123-1536x1152.jpg 1536w, https:\/\/valentinecarre-photographe.com\/wp-content\/uploads\/2022\/08\/IMG_4123-2048x1536.jpg 2048w\" sizes=\"(max-width: 768px) 100vw, 768px\" title=\"%Valentine Carre Photographe% %Photographie nature Corse%\"><\/a>\n<a data-elementor-open-lightbox=\"no\" href='https:\/\/valentinecarre-photographe.com\/wp-content\/uploads\/2022\/08\/IMG_4132-scaled.jpg'><img decoding=\"async\" width=\"768\" height=\"576\" src=\"https:\/\/valentinecarre-photographe.com\/wp-content\/uploads\/2022\/08\/IMG_4132-768x576.jpg\" class=\"attachment-medium_large size-medium_large\" alt=\"Am\u00e9nagement fourgon volkswagen t5 ALT, am\u00e9nager son fourgon soi-m\u00eame\" srcset=\"https:\/\/valentinecarre-photographe.com\/wp-content\/uploads\/2022\/08\/IMG_4132-768x576.jpg 768w, https:\/\/valentinecarre-photographe.com\/wp-content\/uploads\/2022\/08\/IMG_4132-scaled-400x300.jpg 400w, https:\/\/valentinecarre-photographe.com\/wp-content\/uploads\/2022\/08\/IMG_4132-300x225.jpg 300w, https:\/\/valentinecarre-photographe.com\/wp-content\/uploads\/2022\/08\/IMG_4132-1024x768.jpg 1024w, https:\/\/valentinecarre-photographe.com\/wp-content\/uploads\/2022\/08\/IMG_4132-1536x1152.jpg 1536w, https:\/\/valentinecarre-photographe.com\/wp-content\/uploads\/2022\/08\/IMG_4132-2048x1536.jpg 2048w\" sizes=\"(max-width: 768px) 100vw, 768px\" title=\"%Valentine Carre Photographe% %Photographie nature Corse%\"><\/a>\n\t\t<\/div>\n\t\t\t\t\t\t<\/div>\n\t\t\t\t<div class=\"elementor-element elementor-element-5c5ba823 elementor-widget elementor-widget-heading\" data-id=\"5c5ba823\" data-element_type=\"widget\" data-e-type=\"widget\" data-widget_type=\"heading.default\">\n\t\t\t\t\t<h2 class=\"elementor-heading-title elementor-size-default\">Etape 2 : Faire des ouvertures (obligatoire)<\/h2>\t\t\t\t<\/div>\n\t\t\t\t<div class=\"elementor-element elementor-element-19efccd8 elementor-widget elementor-widget-text-editor\" data-id=\"19efccd8\" data-element_type=\"widget\" data-e-type=\"widget\" data-widget_type=\"text-editor.default\">\n\t\t\t\t\t\t\t\t\t<p>Pour ce type de v\u00e9hicule (L1H1), nous avons fait install\u00e9 :<\/p><div class=\"wp-block-kadence-iconlist kt-svg-icon-list-items kt-svg-icon-list-items_e44278-1a kt-svg-icon-list-columns-1 alignnone\"><ul><li><span class=\"kt-svg-icon-list-text\">Un lanterneau 40\u00d740 cm <\/span><\/li><li><span class=\"kt-svg-icon-list-text\">Une baie (fen\u00eatre) 75 x 40 cm <\/span><\/li><li><span class=\"kt-svg-icon-list-text\">Deux petites a\u00e9rations au sol (grilles rondes, 8 cm de diam\u00e8tre)<\/span><\/li><\/ul><p><strong>Toutes les ouvertures ont \u00e9t\u00e9 r\u00e9alis\u00e9es par un professionnel.<\/strong> Et ce, pour deux raisons :<\/p><\/div><p>Premi\u00e8rement, nous n\u2019avions pas les bons outils pour le faire.<\/p><p>Deuxi\u00e8mement, pour <strong>une question d\u2019assurance<\/strong> simplement ! Pour \u00eatre en r\u00e8gle et faire homologuer son v\u00e9hicule en Camping Car, seul un professionnel est habilit\u00e9 pour faire les d\u00e9coupes ! (alors oui, certains le font eux-m\u00eames\u2026 \u00e0 leurs risques et p\u00e9rils ! Et pour certains d\u2019ailleurs, \u00e7a se passe tr\u00e8s bien, mais combien de v\u00e9hicules am\u00e9nag\u00e9s sont r\u00e9ellement en r\u00e8gle ?)<\/p><p>Que ce soit pour la revente, pour le contr\u00f4le technique ou pour la s\u00e9curit\u00e9 des usagers, on ne s\u2019improvise pas carrossier du jour au lendemain !<\/p>\t\t\t\t\t\t\t\t<\/div>\n\t\t\t\t<div class=\"elementor-element elementor-element-1d89d97 gallery-spacing-custom elementor-widget elementor-widget-image-gallery\" data-id=\"1d89d97\" data-element_type=\"widget\" data-e-type=\"widget\" data-widget_type=\"image-gallery.default\">\n\t\t\t\t\t\t\t<div class=\"elementor-image-gallery\">\n\t\t\t\n<a data-elementor-open-lightbox=\"yes\" data-elementor-lightbox-slideshow=\"1d89d97\" data-e-action-hash=\"#elementor-action%3Aaction%3Dlightbox%26settings%3DeyJpZCI6NDI3MCwidXJsIjoiaHR0cHM6XC9cL3ZhbGVudGluZWNhcnJlLXBob3RvZ3JhcGhlLmNvbVwvd3AtY29udGVudFwvdXBsb2Fkc1wvMjAyMlwvMDhcL0lNR18xMzk2LmpwZyIsInNsaWRlc2hvdyI6IjFkODlkOTcifQ%3D%3D\" href='https:\/\/valentinecarre-photographe.com\/wp-content\/uploads\/2022\/08\/IMG_1396.jpg'><img loading=\"lazy\" decoding=\"async\" width=\"768\" height=\"576\" src=\"https:\/\/valentinecarre-photographe.com\/wp-content\/uploads\/2022\/08\/IMG_1396-768x576.jpg\" class=\"attachment-medium_large size-medium_large\" alt=\"Am\u00e9nagement fourgon volkswagen t5 ALT, am\u00e9nager son fourgon soi-m\u00eame\" srcset=\"https:\/\/valentinecarre-photographe.com\/wp-content\/uploads\/2022\/08\/IMG_1396-768x576.jpg 768w, https:\/\/valentinecarre-photographe.com\/wp-content\/uploads\/2022\/08\/IMG_1396-400x300.jpg 400w, https:\/\/valentinecarre-photographe.com\/wp-content\/uploads\/2022\/08\/IMG_1396-300x225.jpg 300w, https:\/\/valentinecarre-photographe.com\/wp-content\/uploads\/2022\/08\/IMG_1396-1024x768.jpg 1024w, https:\/\/valentinecarre-photographe.com\/wp-content\/uploads\/2022\/08\/IMG_1396-1536x1152.jpg 1536w, https:\/\/valentinecarre-photographe.com\/wp-content\/uploads\/2022\/08\/IMG_1396.jpg 2048w\" sizes=\"(max-width: 768px) 100vw, 768px\" title=\"%Valentine Carre Photographe% %Photographie nature Corse%\"><\/a>\n<a data-elementor-open-lightbox=\"yes\" data-elementor-lightbox-slideshow=\"1d89d97\" data-e-action-hash=\"#elementor-action%3Aaction%3Dlightbox%26settings%3DeyJpZCI6NDI4MSwidXJsIjoiaHR0cHM6XC9cL3ZhbGVudGluZWNhcnJlLXBob3RvZ3JhcGhlLmNvbVwvd3AtY29udGVudFwvdXBsb2Fkc1wvMjAyMlwvMDhcL0lNR18xNjM4LmpwZyIsInNsaWRlc2hvdyI6IjFkODlkOTcifQ%3D%3D\" href='https:\/\/valentinecarre-photographe.com\/wp-content\/uploads\/2022\/08\/IMG_1638.jpg'><img loading=\"lazy\" decoding=\"async\" width=\"768\" height=\"576\" src=\"https:\/\/valentinecarre-photographe.com\/wp-content\/uploads\/2022\/08\/IMG_1638-768x576.jpg\" class=\"attachment-medium_large size-medium_large\" alt=\"Am\u00e9nagement fourgon volkswagen t5 ALT, am\u00e9nager son fourgon soi-m\u00eame\" srcset=\"https:\/\/valentinecarre-photographe.com\/wp-content\/uploads\/2022\/08\/IMG_1638-768x576.jpg 768w, https:\/\/valentinecarre-photographe.com\/wp-content\/uploads\/2022\/08\/IMG_1638-400x300.jpg 400w, https:\/\/valentinecarre-photographe.com\/wp-content\/uploads\/2022\/08\/IMG_1638-300x225.jpg 300w, https:\/\/valentinecarre-photographe.com\/wp-content\/uploads\/2022\/08\/IMG_1638-1024x768.jpg 1024w, https:\/\/valentinecarre-photographe.com\/wp-content\/uploads\/2022\/08\/IMG_1638-1536x1152.jpg 1536w, https:\/\/valentinecarre-photographe.com\/wp-content\/uploads\/2022\/08\/IMG_1638.jpg 2048w\" sizes=\"(max-width: 768px) 100vw, 768px\" title=\"%Valentine Carre Photographe% %Photographie nature Corse%\"><\/a>\n\t\t<\/div>\n\t\t\t\t\t\t<\/div>\n\t\t\t\t<div class=\"elementor-element elementor-element-46b9c93e elementor-widget elementor-widget-heading\" data-id=\"46b9c93e\" data-element_type=\"widget\" data-e-type=\"widget\" data-widget_type=\"heading.default\">\n\t\t\t\t\t<h2 class=\"elementor-heading-title elementor-size-default\">Etape 3 : L\u2019\u00e9lectricit\u00e9, ce v\u00e9ritable fl\u00e9au pourtant indispensable ! <\/h2>\t\t\t\t<\/div>\n\t\t\t\t<div class=\"elementor-element elementor-element-7b89d23a elementor-widget elementor-widget-text-editor\" data-id=\"7b89d23a\" data-element_type=\"widget\" data-e-type=\"widget\" data-widget_type=\"text-editor.default\">\n\t\t\t\t\t\t\t\t\t<p>De la m\u00eame mani\u00e8re que pour les ouvertures, nous avons aussi fait appel \u00e0 un professionnel pour g\u00e9rer la probl\u00e9matique de l\u2019\u00e9lectricit\u00e9. On ne s\u2019improvise pas plus \u00e9lectricien que carrossier\u2026 A moins d\u2019\u00eatre un g\u00e9nie de Youtube\u2026 Mais bon \ud83d\ude09\u00a0Entre la vision des tutos et la r\u00e9alit\u00e9, il y a tout de m\u00eame un bon gros foss\u00e9 !<\/p><p>Personnellement, il ne me viendrait pas \u00e0 l\u2019id\u00e9e de vivre dans une maison o\u00f9 l\u2019\u00e9lectricit\u00e9 a \u00e9t\u00e9 r\u00e9alis\u00e9 par un sympathique voisin\u2026 Sympathique peut-\u00eatre mais suffisamment comp\u00e9tent pour que les charges \u00e9lectriques et les branchements soient corrects ? C\u2019est un domaine sp\u00e9cifique qui ne s\u2019adresse pas \u00e0 toute la population.<\/p><p>Sur ce point, c\u2019est la s\u00e9curit\u00e9 avant tout. Et puis passer par un professionnel, c\u2019est aussi <strong>mieux comprendre l\u2019utilisation \u00e9lectrique<\/strong> de son fourgon, demander des conseils et \u00e9viter de faire des b\u00eatises ! Entre les personnes qui bousillent les batteries b\u00eatement car elles ne savent pas qu\u2019il faut recharger tr\u00e8s r\u00e9guli\u00e8rement le Van ou celles qui perdent leur panneau solaire sur l\u2019autoroute (bin zut, il \u00e9tait mal fix\u00e9! oui, oui c\u2019est v\u00e9ridique et r\u00e9gulier).<\/p><p>Pour l&rsquo;\u00e9lectricit\u00e9, nous avons confi\u00e9 la t\u00e2che \u00e0 un \u00e9lectricien.\u00a0<\/p><p>Concernant notre installation, nous avons \u00e9quip\u00e9 le fourgon :<\/p><div class=\"wp-block-kadence-iconlist kt-svg-icon-list-items kt-svg-icon-list-items_0af1bb-98 kt-svg-icon-list-columns-1 alignnone\"><ul class=\"kt-svg-icon-list\"><li class=\"kt-svg-icon-list-style-default kt-svg-icon-list-item-wrap kt-svg-icon-list-item-0 kt-svg-icon-list-level-0\"><div class=\"kt-svg-icon-list-single kt-svg-icon-list-single-fe_checkCircle\">Une batterie 110 AH<\/div><\/li><li class=\"kt-svg-icon-list-style-default kt-svg-icon-list-item-wrap kt-svg-icon-list-item-1 kt-svg-icon-list-level-0\"><div class=\"kt-svg-icon-list-single kt-svg-icon-list-single-fe_checkCircle\">Un disjoncteur<\/div><\/li><li class=\"kt-svg-icon-list-style-default kt-svg-icon-list-item-wrap kt-svg-icon-list-item-2 kt-svg-icon-list-level-0\"><div class=\"kt-svg-icon-list-single kt-svg-icon-list-single-fe_checkCircle\">Une prise P17 pour brancher\/recharger son camping car \u00e0 la maison ou en camping<\/div><\/li><li class=\"kt-svg-icon-list-style-default kt-svg-icon-list-item-wrap kt-svg-icon-list-item-3 kt-svg-icon-list-level-0\"><div class=\"kt-svg-icon-list-single kt-svg-icon-list-single-fe_checkCircle\">Un panneau solaire 100 W<\/div><\/li><li class=\"kt-svg-icon-list-style-default kt-svg-icon-list-item-wrap kt-svg-icon-list-item-4 kt-svg-icon-list-level-0\"><div class=\"kt-svg-icon-list-single kt-svg-icon-list-single-fe_checkCircle\">Une lampe (spot)<\/div><\/li><li class=\"kt-svg-icon-list-style-default kt-svg-icon-list-item-wrap kt-svg-icon-list-item-5 kt-svg-icon-list-level-0\"><div class=\"kt-svg-icon-list-single kt-svg-icon-list-single-fe_checkCircle\">Un convertisseur<\/div><div class=\"kt-svg-icon-list-single kt-svg-icon-list-single-fe_checkCircle\">\u00a0<\/div><\/li><li class=\"kt-svg-icon-list-style-default kt-svg-icon-list-item-wrap kt-svg-icon-list-item-5 kt-svg-icon-list-level-0\"><div class=\"kt-svg-icon-list-single kt-svg-icon-list-single-fe_checkCircle\">Fusibles, c\u00e2bles, cosses, interrupteur, prises, prises allume cigare\u2026<\/div><\/li><\/ul><\/div>\t\t\t\t\t\t\t\t<\/div>\n\t\t\t\t<div class=\"elementor-element elementor-element-b1b3a56 gallery-spacing-custom elementor-widget elementor-widget-image-gallery\" data-id=\"b1b3a56\" data-element_type=\"widget\" data-e-type=\"widget\" data-widget_type=\"image-gallery.default\">\n\t\t\t\t\t\t\t<div class=\"elementor-image-gallery\">\n\t\t\t\n<a data-elementor-open-lightbox=\"yes\" data-elementor-lightbox-slideshow=\"b1b3a56\" data-e-action-hash=\"#elementor-action%3Aaction%3Dlightbox%26settings%3DeyJpZCI6NDI3OCwidXJsIjoiaHR0cHM6XC9cL3ZhbGVudGluZWNhcnJlLXBob3RvZ3JhcGhlLmNvbVwvd3AtY29udGVudFwvdXBsb2Fkc1wvMjAyMlwvMDhcL0lNR18xNjM0LWUxNjYxMzQ3NTAxMTkzLmpwZyIsInNsaWRlc2hvdyI6ImIxYjNhNTYifQ%3D%3D\" href='https:\/\/valentinecarre-photographe.com\/wp-content\/uploads\/2022\/08\/IMG_1634-e1661347501193.jpg'><img loading=\"lazy\" decoding=\"async\" width=\"620\" height=\"1024\" src=\"https:\/\/valentinecarre-photographe.com\/wp-content\/uploads\/2022\/08\/IMG_1634-e1661347501193-620x1024.jpg\" class=\"attachment-large size-large\" alt=\"Am\u00e9nagement fourgon volkswagen t5 ALT, am\u00e9nager son fourgon soi-m\u00eame\" srcset=\"https:\/\/valentinecarre-photographe.com\/wp-content\/uploads\/2022\/08\/IMG_1634-e1661347501193-620x1024.jpg 620w, https:\/\/valentinecarre-photographe.com\/wp-content\/uploads\/2022\/08\/IMG_1634-e1661347501193-400x661.jpg 400w, https:\/\/valentinecarre-photographe.com\/wp-content\/uploads\/2022\/08\/IMG_1634-e1661347501193-181x300.jpg 181w, https:\/\/valentinecarre-photographe.com\/wp-content\/uploads\/2022\/08\/IMG_1634-e1661347501193-768x1269.jpg 768w, https:\/\/valentinecarre-photographe.com\/wp-content\/uploads\/2022\/08\/IMG_1634-e1661347501193-929x1536.jpg 929w, https:\/\/valentinecarre-photographe.com\/wp-content\/uploads\/2022\/08\/IMG_1634-e1661347501193.jpg 1239w\" sizes=\"(max-width: 620px) 100vw, 620px\" title=\"%Valentine Carre Photographe% %Photographie nature Corse%\"><\/a>\n<a data-elementor-open-lightbox=\"yes\" data-elementor-lightbox-slideshow=\"b1b3a56\" data-e-action-hash=\"#elementor-action%3Aaction%3Dlightbox%26settings%3DeyJpZCI6NDI3OSwidXJsIjoiaHR0cHM6XC9cL3ZhbGVudGluZWNhcnJlLXBob3RvZ3JhcGhlLmNvbVwvd3AtY29udGVudFwvdXBsb2Fkc1wvMjAyMlwvMDhcL0lNR18xNjM2LWUxNjYxMzQ3NTM4NDMxLmpwZyIsInNsaWRlc2hvdyI6ImIxYjNhNTYifQ%3D%3D\" href='https:\/\/valentinecarre-photographe.com\/wp-content\/uploads\/2022\/08\/IMG_1636-e1661347538431.jpg'><img loading=\"lazy\" decoding=\"async\" width=\"620\" height=\"1024\" src=\"https:\/\/valentinecarre-photographe.com\/wp-content\/uploads\/2022\/08\/IMG_1636-e1661347538431-620x1024.jpg\" class=\"attachment-large size-large\" alt=\"Am\u00e9nagement fourgon volkswagen t5 ALT, am\u00e9nager son fourgon soi-m\u00eame\" srcset=\"https:\/\/valentinecarre-photographe.com\/wp-content\/uploads\/2022\/08\/IMG_1636-e1661347538431-620x1024.jpg 620w, https:\/\/valentinecarre-photographe.com\/wp-content\/uploads\/2022\/08\/IMG_1636-e1661347538431-400x661.jpg 400w, https:\/\/valentinecarre-photographe.com\/wp-content\/uploads\/2022\/08\/IMG_1636-e1661347538431-181x300.jpg 181w, https:\/\/valentinecarre-photographe.com\/wp-content\/uploads\/2022\/08\/IMG_1636-e1661347538431-768x1269.jpg 768w, https:\/\/valentinecarre-photographe.com\/wp-content\/uploads\/2022\/08\/IMG_1636-e1661347538431-929x1536.jpg 929w, https:\/\/valentinecarre-photographe.com\/wp-content\/uploads\/2022\/08\/IMG_1636-e1661347538431.jpg 1239w\" sizes=\"(max-width: 620px) 100vw, 620px\" title=\"%Valentine Carre Photographe% %Photographie nature Corse%\"><\/a>\n<a data-elementor-open-lightbox=\"yes\" data-elementor-lightbox-slideshow=\"b1b3a56\" data-e-action-hash=\"#elementor-action%3Aaction%3Dlightbox%26settings%3DeyJpZCI6NDI3MywidXJsIjoiaHR0cHM6XC9cL3ZhbGVudGluZWNhcnJlLXBob3RvZ3JhcGhlLmNvbVwvd3AtY29udGVudFwvdXBsb2Fkc1wvMjAyMlwvMDhcL0lNR18xNTU2LWUxNjYxMzQxNTExMzM4LmpwZyIsInNsaWRlc2hvdyI6ImIxYjNhNTYifQ%3D%3D\" href='https:\/\/valentinecarre-photographe.com\/wp-content\/uploads\/2022\/08\/IMG_1556-e1661341511338.jpg'><img loading=\"lazy\" decoding=\"async\" width=\"618\" height=\"1024\" src=\"https:\/\/valentinecarre-photographe.com\/wp-content\/uploads\/2022\/08\/IMG_1556-e1661341511338-618x1024.jpg\" class=\"attachment-large size-large\" alt=\"Am\u00e9nagement fourgon volkswagen t5 ALT, am\u00e9nager son fourgon soi-m\u00eame\" srcset=\"https:\/\/valentinecarre-photographe.com\/wp-content\/uploads\/2022\/08\/IMG_1556-e1661341511338-618x1024.jpg 618w, https:\/\/valentinecarre-photographe.com\/wp-content\/uploads\/2022\/08\/IMG_1556-e1661341511338-400x663.jpg 400w, https:\/\/valentinecarre-photographe.com\/wp-content\/uploads\/2022\/08\/IMG_1556-e1661341511338-181x300.jpg 181w, https:\/\/valentinecarre-photographe.com\/wp-content\/uploads\/2022\/08\/IMG_1556-e1661341511338-768x1273.jpg 768w, https:\/\/valentinecarre-photographe.com\/wp-content\/uploads\/2022\/08\/IMG_1556-e1661341511338-927x1536.jpg 927w, https:\/\/valentinecarre-photographe.com\/wp-content\/uploads\/2022\/08\/IMG_1556-e1661341511338.jpg 1236w\" sizes=\"(max-width: 618px) 100vw, 618px\" title=\"%Valentine Carre Photographe% %Photographie nature Corse%\"><\/a>\n<a data-elementor-open-lightbox=\"yes\" data-elementor-lightbox-slideshow=\"b1b3a56\" data-e-action-hash=\"#elementor-action%3Aaction%3Dlightbox%26settings%3DeyJpZCI6NDI4MCwidXJsIjoiaHR0cHM6XC9cL3ZhbGVudGluZWNhcnJlLXBob3RvZ3JhcGhlLmNvbVwvd3AtY29udGVudFwvdXBsb2Fkc1wvMjAyMlwvMDhcL0lNR18xNjM3LWUxNjYxMzQ3NTc2NDczLmpwZyIsInNsaWRlc2hvdyI6ImIxYjNhNTYifQ%3D%3D\" href='https:\/\/valentinecarre-photographe.com\/wp-content\/uploads\/2022\/08\/IMG_1637-e1661347576473.jpg'><img loading=\"lazy\" decoding=\"async\" width=\"620\" height=\"1024\" src=\"https:\/\/valentinecarre-photographe.com\/wp-content\/uploads\/2022\/08\/IMG_1637-e1661347576473-620x1024.jpg\" class=\"attachment-large size-large\" alt=\"Am\u00e9nagement fourgon volkswagen t5 ALT, am\u00e9nager son fourgon soi-m\u00eame\" srcset=\"https:\/\/valentinecarre-photographe.com\/wp-content\/uploads\/2022\/08\/IMG_1637-e1661347576473-620x1024.jpg 620w, https:\/\/valentinecarre-photographe.com\/wp-content\/uploads\/2022\/08\/IMG_1637-e1661347576473-400x661.jpg 400w, https:\/\/valentinecarre-photographe.com\/wp-content\/uploads\/2022\/08\/IMG_1637-e1661347576473-181x300.jpg 181w, https:\/\/valentinecarre-photographe.com\/wp-content\/uploads\/2022\/08\/IMG_1637-e1661347576473-768x1269.jpg 768w, https:\/\/valentinecarre-photographe.com\/wp-content\/uploads\/2022\/08\/IMG_1637-e1661347576473-929x1536.jpg 929w, https:\/\/valentinecarre-photographe.com\/wp-content\/uploads\/2022\/08\/IMG_1637-e1661347576473.jpg 1239w\" sizes=\"(max-width: 620px) 100vw, 620px\" title=\"%Valentine Carre Photographe% %Photographie nature Corse%\"><\/a>\n\t\t<\/div>\n\t\t\t\t\t\t<\/div>\n\t\t\t\t<div class=\"elementor-element elementor-element-583cc19b elementor-widget elementor-widget-heading\" data-id=\"583cc19b\" data-element_type=\"widget\" data-e-type=\"widget\" data-widget_type=\"heading.default\">\n\t\t\t\t\t<h2 class=\"elementor-heading-title elementor-size-default\">Etape 4 : Poncer le contreplaqu\u00e9<\/h2>\t\t\t\t<\/div>\n\t\t\t\t<div class=\"elementor-element elementor-element-267cd596 elementor-widget elementor-widget-text-editor\" data-id=\"267cd596\" data-element_type=\"widget\" data-e-type=\"widget\" data-widget_type=\"text-editor.default\">\n\t\t\t\t\t\t\t\t\t<p>Nous avons fait le choix de <strong>garder le contreplaqu\u00e9 <\/strong>qui \u00e9tait d\u00e9j\u00e0 pr\u00e9sent dans le fourgon. Vous savez, c\u2019est le kit en bois qui s\u2019ach\u00e8te en option avec l\u2019utilitaire. On a choisi cette option pour des raisons \u00e9conomiques et puis pour ne pas s\u2019emb\u00eater \u00e0 retrouver les m\u00eames d\u00e9coupes si nous avions voulu le faire nous m\u00eame. Un bon coup de pon\u00e7age et c\u2019est reparti !<\/p>\t\t\t\t\t\t\t\t<\/div>\n\t\t\t\t<div class=\"elementor-element elementor-element-f87442d gallery-spacing-custom elementor-widget elementor-widget-image-gallery\" data-id=\"f87442d\" data-element_type=\"widget\" data-e-type=\"widget\" data-widget_type=\"image-gallery.default\">\n\t\t\t\t\t\t\t<div class=\"elementor-image-gallery\">\n\t\t\t\n<a data-elementor-open-lightbox=\"yes\" data-elementor-lightbox-slideshow=\"f87442d\" data-e-action-hash=\"#elementor-action%3Aaction%3Dlightbox%26settings%3DeyJpZCI6NDI1MCwidXJsIjoiaHR0cHM6XC9cL3ZhbGVudGluZWNhcnJlLXBob3RvZ3JhcGhlLmNvbVwvd3AtY29udGVudFwvdXBsb2Fkc1wvMjAyMlwvMDhcL0lNR181OTQ2LXNjYWxlZC5qcGciLCJzbGlkZXNob3ciOiJmODc0NDJkIn0%3D\" href='https:\/\/valentinecarre-photographe.com\/wp-content\/uploads\/2022\/08\/IMG_5946-scaled.jpg'><img loading=\"lazy\" decoding=\"async\" width=\"768\" height=\"576\" src=\"https:\/\/valentinecarre-photographe.com\/wp-content\/uploads\/2022\/08\/IMG_5946-768x576.jpg\" class=\"attachment-medium_large size-medium_large\" alt=\"Am\u00e9nagement fourgon volkswagen t5 ALT, am\u00e9nager son fourgon soi-m\u00eame\" srcset=\"https:\/\/valentinecarre-photographe.com\/wp-content\/uploads\/2022\/08\/IMG_5946-768x576.jpg 768w, https:\/\/valentinecarre-photographe.com\/wp-content\/uploads\/2022\/08\/IMG_5946-scaled-400x300.jpg 400w, https:\/\/valentinecarre-photographe.com\/wp-content\/uploads\/2022\/08\/IMG_5946-300x225.jpg 300w, https:\/\/valentinecarre-photographe.com\/wp-content\/uploads\/2022\/08\/IMG_5946-1024x768.jpg 1024w, https:\/\/valentinecarre-photographe.com\/wp-content\/uploads\/2022\/08\/IMG_5946-1536x1152.jpg 1536w, https:\/\/valentinecarre-photographe.com\/wp-content\/uploads\/2022\/08\/IMG_5946-2048x1536.jpg 2048w\" sizes=\"(max-width: 768px) 100vw, 768px\" title=\"%Valentine Carre Photographe% %Photographie nature Corse%\"><\/a>\n<a data-elementor-open-lightbox=\"yes\" data-elementor-lightbox-slideshow=\"f87442d\" data-e-action-hash=\"#elementor-action%3Aaction%3Dlightbox%26settings%3DeyJpZCI6NDI1MiwidXJsIjoiaHR0cHM6XC9cL3ZhbGVudGluZWNhcnJlLXBob3RvZ3JhcGhlLmNvbVwvd3AtY29udGVudFwvdXBsb2Fkc1wvMjAyMlwvMDhcL0lNR181OTQzLXNjYWxlZC5qcGciLCJzbGlkZXNob3ciOiJmODc0NDJkIn0%3D\" href='https:\/\/valentinecarre-photographe.com\/wp-content\/uploads\/2022\/08\/IMG_5943-scaled.jpg'><img loading=\"lazy\" decoding=\"async\" width=\"768\" height=\"576\" src=\"https:\/\/valentinecarre-photographe.com\/wp-content\/uploads\/2022\/08\/IMG_5943-768x576.jpg\" class=\"attachment-medium_large size-medium_large\" alt=\"Am\u00e9nagement fourgon volkswagen t5 ALT, am\u00e9nager son fourgon soi-m\u00eame\" srcset=\"https:\/\/valentinecarre-photographe.com\/wp-content\/uploads\/2022\/08\/IMG_5943-768x576.jpg 768w, https:\/\/valentinecarre-photographe.com\/wp-content\/uploads\/2022\/08\/IMG_5943-scaled-400x300.jpg 400w, https:\/\/valentinecarre-photographe.com\/wp-content\/uploads\/2022\/08\/IMG_5943-300x225.jpg 300w, https:\/\/valentinecarre-photographe.com\/wp-content\/uploads\/2022\/08\/IMG_5943-1024x768.jpg 1024w, https:\/\/valentinecarre-photographe.com\/wp-content\/uploads\/2022\/08\/IMG_5943-1536x1152.jpg 1536w, https:\/\/valentinecarre-photographe.com\/wp-content\/uploads\/2022\/08\/IMG_5943-2048x1536.jpg 2048w\" sizes=\"(max-width: 768px) 100vw, 768px\" title=\"%Valentine Carre Photographe% %Photographie nature Corse%\"><\/a>\n<a data-elementor-open-lightbox=\"yes\" data-elementor-lightbox-slideshow=\"f87442d\" data-e-action-hash=\"#elementor-action%3Aaction%3Dlightbox%26settings%3DeyJpZCI6NDI0OSwidXJsIjoiaHR0cHM6XC9cL3ZhbGVudGluZWNhcnJlLXBob3RvZ3JhcGhlLmNvbVwvd3AtY29udGVudFwvdXBsb2Fkc1wvMjAyMlwvMDhcL0lNR181OTQ5LXNjYWxlZC5qcGciLCJzbGlkZXNob3ciOiJmODc0NDJkIn0%3D\" href='https:\/\/valentinecarre-photographe.com\/wp-content\/uploads\/2022\/08\/IMG_5949-scaled.jpg'><img loading=\"lazy\" decoding=\"async\" width=\"768\" height=\"576\" src=\"https:\/\/valentinecarre-photographe.com\/wp-content\/uploads\/2022\/08\/IMG_5949-768x576.jpg\" class=\"attachment-medium_large size-medium_large\" alt=\"Am\u00e9nagement fourgon volkswagen t5 ALT, am\u00e9nager son fourgon soi-m\u00eame\" srcset=\"https:\/\/valentinecarre-photographe.com\/wp-content\/uploads\/2022\/08\/IMG_5949-768x576.jpg 768w, https:\/\/valentinecarre-photographe.com\/wp-content\/uploads\/2022\/08\/IMG_5949-scaled-400x300.jpg 400w, https:\/\/valentinecarre-photographe.com\/wp-content\/uploads\/2022\/08\/IMG_5949-300x225.jpg 300w, https:\/\/valentinecarre-photographe.com\/wp-content\/uploads\/2022\/08\/IMG_5949-1024x768.jpg 1024w, https:\/\/valentinecarre-photographe.com\/wp-content\/uploads\/2022\/08\/IMG_5949-1536x1152.jpg 1536w, https:\/\/valentinecarre-photographe.com\/wp-content\/uploads\/2022\/08\/IMG_5949-2048x1536.jpg 2048w\" sizes=\"(max-width: 768px) 100vw, 768px\" title=\"%Valentine Carre Photographe% %Photographie nature Corse%\"><\/a>\n<a data-elementor-open-lightbox=\"yes\" data-elementor-lightbox-slideshow=\"f87442d\" data-e-action-hash=\"#elementor-action%3Aaction%3Dlightbox%26settings%3DeyJpZCI6NDI1MSwidXJsIjoiaHR0cHM6XC9cL3ZhbGVudGluZWNhcnJlLXBob3RvZ3JhcGhlLmNvbVwvd3AtY29udGVudFwvdXBsb2Fkc1wvMjAyMlwvMDhcL0lNR181OTQ1LXNjYWxlZC5qcGciLCJzbGlkZXNob3ciOiJmODc0NDJkIn0%3D\" href='https:\/\/valentinecarre-photographe.com\/wp-content\/uploads\/2022\/08\/IMG_5945-scaled.jpg'><img loading=\"lazy\" decoding=\"async\" width=\"768\" height=\"576\" src=\"https:\/\/valentinecarre-photographe.com\/wp-content\/uploads\/2022\/08\/IMG_5945-768x576.jpg\" class=\"attachment-medium_large size-medium_large\" alt=\"Am\u00e9nagement fourgon volkswagen t5 ALT, am\u00e9nager son fourgon soi-m\u00eame\" srcset=\"https:\/\/valentinecarre-photographe.com\/wp-content\/uploads\/2022\/08\/IMG_5945-768x576.jpg 768w, https:\/\/valentinecarre-photographe.com\/wp-content\/uploads\/2022\/08\/IMG_5945-scaled-400x300.jpg 400w, https:\/\/valentinecarre-photographe.com\/wp-content\/uploads\/2022\/08\/IMG_5945-300x225.jpg 300w, https:\/\/valentinecarre-photographe.com\/wp-content\/uploads\/2022\/08\/IMG_5945-1024x768.jpg 1024w, https:\/\/valentinecarre-photographe.com\/wp-content\/uploads\/2022\/08\/IMG_5945-1536x1152.jpg 1536w, https:\/\/valentinecarre-photographe.com\/wp-content\/uploads\/2022\/08\/IMG_5945-2048x1536.jpg 2048w\" sizes=\"(max-width: 768px) 100vw, 768px\" title=\"%Valentine Carre Photographe% %Photographie nature Corse%\"><\/a>\n\t\t<\/div>\n\t\t\t\t\t\t<\/div>\n\t\t\t\t<div class=\"elementor-element elementor-element-7fba956f elementor-widget elementor-widget-heading\" data-id=\"7fba956f\" data-element_type=\"widget\" data-e-type=\"widget\" data-widget_type=\"heading.default\">\n\t\t\t\t\t<h2 class=\"elementor-heading-title elementor-size-default\">Etape 5 : Isoler son fourgon<\/h2>\t\t\t\t<\/div>\n\t\t\t\t<div class=\"elementor-element elementor-element-d125570 elementor-widget elementor-widget-text-editor\" data-id=\"d125570\" data-element_type=\"widget\" data-e-type=\"widget\" data-widget_type=\"text-editor.default\">\n\t\t\t\t\t\t\t\t\t<p>Sur les conseils de <a href=\"https:\/\/www.vdl-evasion.fr\/\" target=\"_blank\" rel=\"noreferrer noopener\" data-type=\"URL\" data-id=\"https:\/\/www.vdl-evasion.fr\">VDL Evasion,<\/a> nous avons choisi une isolation assez fine. Nous nous sommes servies d\u2019un <strong>multicouches <\/strong>achet\u00e9 chez M. Bricolage.<\/p><p>Un v\u00e9hicule utilitaire reste\u2026 une boite de conserve ! L\u2019humidit\u00e9 et la condensation s\u2019invite toujours dans cette petite boite, et isoler comme un dingue n\u2019est pas toujours la solution.<\/p><p>Habitant en Corse et souhaitant avoir une utilisation du fourgon du printemps \u00e0 l\u2019automne, nous savions que nous n\u2019allions pas nous rendre au Pole Nord, en Norv\u00e8ge ou pire encore, en Bretagne, vous savez comme il y fait froid !)<\/p><p>Nous avons donc fix\u00e9 des tasseaux et isol\u00e9 le sol (avant de positionner un Lino dessus), les murs, et le plafond (en remettant le plafond d\u2019origine).<\/p>\t\t\t\t\t\t\t\t<\/div>\n\t\t\t\t<div class=\"elementor-element elementor-element-851902c gallery-spacing-custom elementor-widget elementor-widget-image-gallery\" data-id=\"851902c\" data-element_type=\"widget\" data-e-type=\"widget\" data-widget_type=\"image-gallery.default\">\n\t\t\t\t\t\t\t<div class=\"elementor-image-gallery\">\n\t\t\t\n<a data-elementor-open-lightbox=\"yes\" data-elementor-lightbox-slideshow=\"851902c\" data-e-action-hash=\"#elementor-action%3Aaction%3Dlightbox%26settings%3DeyJpZCI6NDI5MSwidXJsIjoiaHR0cHM6XC9cL3ZhbGVudGluZWNhcnJlLXBob3RvZ3JhcGhlLmNvbVwvd3AtY29udGVudFwvdXBsb2Fkc1wvMjAyMlwvMDhcL1Rhc3NlYXV4LVNvbC1zY2FsZWQuanBnIiwic2xpZGVzaG93IjoiODUxOTAyYyJ9\" href=\"https:\/\/valentinecarre-photographe.com\/wp-content\/uploads\/2022\/08\/Tasseaux-Sol-scaled.jpg\"><img loading=\"lazy\" decoding=\"async\" width=\"768\" height=\"576\" src=\"https:\/\/valentinecarre-photographe.com\/wp-content\/uploads\/2022\/08\/Tasseaux-Sol-768x576.jpg\" class=\"attachment-medium_large size-medium_large\" alt=\"Am\u00e9nagement fourgon volkswagen t5 ALT, am\u00e9nager son fourgon soi-m\u00eame\" srcset=\"https:\/\/valentinecarre-photographe.com\/wp-content\/uploads\/2022\/08\/Tasseaux-Sol-768x576.jpg 768w, https:\/\/valentinecarre-photographe.com\/wp-content\/uploads\/2022\/08\/Tasseaux-Sol-scaled-400x300.jpg 400w, https:\/\/valentinecarre-photographe.com\/wp-content\/uploads\/2022\/08\/Tasseaux-Sol-300x225.jpg 300w, https:\/\/valentinecarre-photographe.com\/wp-content\/uploads\/2022\/08\/Tasseaux-Sol-1024x768.jpg 1024w, https:\/\/valentinecarre-photographe.com\/wp-content\/uploads\/2022\/08\/Tasseaux-Sol-1536x1152.jpg 1536w, https:\/\/valentinecarre-photographe.com\/wp-content\/uploads\/2022\/08\/Tasseaux-Sol-2048x1536.jpg 2048w\" sizes=\"(max-width: 768px) 100vw, 768px\" title=\"%Valentine Carre Photographe% %Photographie nature Corse%\"><\/a>\n<a data-elementor-open-lightbox=\"yes\" data-elementor-lightbox-slideshow=\"851902c\" data-e-action-hash=\"#elementor-action%3Aaction%3Dlightbox%26settings%3DeyJpZCI6NDI5MywidXJsIjoiaHR0cHM6XC9cL3ZhbGVudGluZWNhcnJlLXBob3RvZ3JhcGhlLmNvbVwvd3AtY29udGVudFwvdXBsb2Fkc1wvMjAyMlwvMDhcL1ZhbjItc2NhbGVkLmpwZyIsInNsaWRlc2hvdyI6Ijg1MTkwMmMifQ%3D%3D\" href=\"https:\/\/valentinecarre-photographe.com\/wp-content\/uploads\/2022\/08\/Van2-scaled.jpg\"><img loading=\"lazy\" decoding=\"async\" width=\"768\" height=\"576\" src=\"https:\/\/valentinecarre-photographe.com\/wp-content\/uploads\/2022\/08\/Van2-768x576.jpg\" class=\"attachment-medium_large size-medium_large\" alt=\"Am\u00e9nagement fourgon volkswagen t5 ALT, am\u00e9nager son fourgon soi-m\u00eame\" srcset=\"https:\/\/valentinecarre-photographe.com\/wp-content\/uploads\/2022\/08\/Van2-768x576.jpg 768w, https:\/\/valentinecarre-photographe.com\/wp-content\/uploads\/2022\/08\/Van2-scaled-400x300.jpg 400w, https:\/\/valentinecarre-photographe.com\/wp-content\/uploads\/2022\/08\/Van2-300x225.jpg 300w, https:\/\/valentinecarre-photographe.com\/wp-content\/uploads\/2022\/08\/Van2-1024x768.jpg 1024w, https:\/\/valentinecarre-photographe.com\/wp-content\/uploads\/2022\/08\/Van2-1536x1152.jpg 1536w, https:\/\/valentinecarre-photographe.com\/wp-content\/uploads\/2022\/08\/Van2-2048x1536.jpg 2048w\" sizes=\"(max-width: 768px) 100vw, 768px\" title=\"%Valentine Carre Photographe% %Photographie nature Corse%\"><\/a>\n<a data-elementor-open-lightbox=\"yes\" data-elementor-lightbox-slideshow=\"851902c\" data-e-action-hash=\"#elementor-action%3Aaction%3Dlightbox%26settings%3DeyJpZCI6NDI5MiwidXJsIjoiaHR0cHM6XC9cL3ZhbGVudGluZWNhcnJlLXBob3RvZ3JhcGhlLmNvbVwvd3AtY29udGVudFwvdXBsb2Fkc1wvMjAyMlwvMDhcL011bHRpY291Y2hlLXNvbC0xLXNjYWxlZC5qcGciLCJzbGlkZXNob3ciOiI4NTE5MDJjIn0%3D\" href=\"https:\/\/valentinecarre-photographe.com\/wp-content\/uploads\/2022\/08\/Multicouche-sol-1-scaled.jpg\"><img loading=\"lazy\" decoding=\"async\" width=\"768\" height=\"576\" src=\"https:\/\/valentinecarre-photographe.com\/wp-content\/uploads\/2022\/08\/Multicouche-sol-1-768x576.jpg\" class=\"attachment-medium_large size-medium_large\" alt=\"Am\u00e9nagement fourgon volkswagen t5 ALT, am\u00e9nager son fourgon soi-m\u00eame\" srcset=\"https:\/\/valentinecarre-photographe.com\/wp-content\/uploads\/2022\/08\/Multicouche-sol-1-768x576.jpg 768w, https:\/\/valentinecarre-photographe.com\/wp-content\/uploads\/2022\/08\/Multicouche-sol-1-scaled-400x300.jpg 400w, https:\/\/valentinecarre-photographe.com\/wp-content\/uploads\/2022\/08\/Multicouche-sol-1-300x225.jpg 300w, https:\/\/valentinecarre-photographe.com\/wp-content\/uploads\/2022\/08\/Multicouche-sol-1-1024x768.jpg 1024w, https:\/\/valentinecarre-photographe.com\/wp-content\/uploads\/2022\/08\/Multicouche-sol-1-1536x1152.jpg 1536w, https:\/\/valentinecarre-photographe.com\/wp-content\/uploads\/2022\/08\/Multicouche-sol-1-2048x1537.jpg 2048w\" sizes=\"(max-width: 768px) 100vw, 768px\" title=\"%Valentine Carre Photographe% %Photographie nature Corse%\"><\/a>\n\t\t<\/div>\n\t\t\t\t\t\t<\/div>\n\t\t\t\t<div class=\"elementor-element elementor-element-1f763d0 elementor-widget elementor-widget-heading\" data-id=\"1f763d0\" data-element_type=\"widget\" data-e-type=\"widget\" data-widget_type=\"heading.default\">\n\t\t\t\t\t<h2 class=\"elementor-heading-title elementor-size-default\">Etape 6 : Habiller les murs et le sol<\/h2>\t\t\t\t<\/div>\n\t\t\t\t<div class=\"elementor-element elementor-element-f084a6e elementor-widget elementor-widget-text-editor\" data-id=\"f084a6e\" data-element_type=\"widget\" data-e-type=\"widget\" data-widget_type=\"text-editor.default\">\n\t\t\t\t\t\t\t\t\t<p>On repositionne sur le multicouches le <strong>contreplaqu\u00e9 que l\u2019on a ponc\u00e9<\/strong> \u00e0 l\u2019aide de rivets. On ajoute du<strong> papier peint<\/strong>, histoire de le rendre plus \u201cconfortable\u201d. Quant au sol, on y place un <strong>Lino<\/strong>.<\/p>\t\t\t\t\t\t\t\t<\/div>\n\t\t\t\t<div class=\"elementor-element elementor-element-d6f445a gallery-spacing-custom elementor-widget elementor-widget-image-gallery\" data-id=\"d6f445a\" data-element_type=\"widget\" data-e-type=\"widget\" data-widget_type=\"image-gallery.default\">\n\t\t\t\t\t\t\t<div class=\"elementor-image-gallery\">\n\t\t\t\n<a data-elementor-open-lightbox=\"yes\" data-elementor-lightbox-slideshow=\"d6f445a\" data-e-action-hash=\"#elementor-action%3Aaction%3Dlightbox%26settings%3DeyJpZCI6NDI0MSwidXJsIjoiaHR0cHM6XC9cL3ZhbGVudGluZWNhcnJlLXBob3RvZ3JhcGhlLmNvbVwvd3AtY29udGVudFwvdXBsb2Fkc1wvMjAyMlwvMDhcL0lNR180MTI4LXNjYWxlZC5qcGciLCJzbGlkZXNob3ciOiJkNmY0NDVhIn0%3D\" href=\"https:\/\/valentinecarre-photographe.com\/wp-content\/uploads\/2022\/08\/IMG_4128-scaled.jpg\"><img loading=\"lazy\" decoding=\"async\" width=\"768\" height=\"1025\" src=\"https:\/\/valentinecarre-photographe.com\/wp-content\/uploads\/2022\/08\/IMG_4128-768x1025.jpg\" class=\"attachment-medium_large size-medium_large\" alt=\"Am\u00e9nagement fourgon volkswagen t5 ALT, am\u00e9nager son fourgon soi-m\u00eame\" srcset=\"https:\/\/valentinecarre-photographe.com\/wp-content\/uploads\/2022\/08\/IMG_4128-768x1025.jpg 768w, https:\/\/valentinecarre-photographe.com\/wp-content\/uploads\/2022\/08\/IMG_4128-scaled-400x534.jpg 400w, https:\/\/valentinecarre-photographe.com\/wp-content\/uploads\/2022\/08\/IMG_4128-225x300.jpg 225w, https:\/\/valentinecarre-photographe.com\/wp-content\/uploads\/2022\/08\/IMG_4128-767x1024.jpg 767w, https:\/\/valentinecarre-photographe.com\/wp-content\/uploads\/2022\/08\/IMG_4128-1151x1536.jpg 1151w, https:\/\/valentinecarre-photographe.com\/wp-content\/uploads\/2022\/08\/IMG_4128-1535x2048.jpg 1535w, https:\/\/valentinecarre-photographe.com\/wp-content\/uploads\/2022\/08\/IMG_4128-scaled.jpg 1918w\" sizes=\"(max-width: 768px) 100vw, 768px\" title=\"%Valentine Carre Photographe% %Photographie nature Corse%\"><\/a>\n<a data-elementor-open-lightbox=\"yes\" data-elementor-lightbox-slideshow=\"d6f445a\" data-e-action-hash=\"#elementor-action%3Aaction%3Dlightbox%26settings%3DeyJpZCI6NDI0MiwidXJsIjoiaHR0cHM6XC9cL3ZhbGVudGluZWNhcnJlLXBob3RvZ3JhcGhlLmNvbVwvd3AtY29udGVudFwvdXBsb2Fkc1wvMjAyMlwvMDhcL0lNR180MTI5LXNjYWxlZC5qcGciLCJzbGlkZXNob3ciOiJkNmY0NDVhIn0%3D\" href=\"https:\/\/valentinecarre-photographe.com\/wp-content\/uploads\/2022\/08\/IMG_4129-scaled.jpg\"><img loading=\"lazy\" decoding=\"async\" width=\"768\" height=\"1024\" src=\"https:\/\/valentinecarre-photographe.com\/wp-content\/uploads\/2022\/08\/IMG_4129-768x1024.jpg\" class=\"attachment-medium_large size-medium_large\" alt=\"Am\u00e9nagement fourgon volkswagen t5 ALT, am\u00e9nager son fourgon soi-m\u00eame\" srcset=\"https:\/\/valentinecarre-photographe.com\/wp-content\/uploads\/2022\/08\/IMG_4129-768x1024.jpg 768w, https:\/\/valentinecarre-photographe.com\/wp-content\/uploads\/2022\/08\/IMG_4129-scaled-400x533.jpg 400w, https:\/\/valentinecarre-photographe.com\/wp-content\/uploads\/2022\/08\/IMG_4129-225x300.jpg 225w, https:\/\/valentinecarre-photographe.com\/wp-content\/uploads\/2022\/08\/IMG_4129-1152x1536.jpg 1152w, https:\/\/valentinecarre-photographe.com\/wp-content\/uploads\/2022\/08\/IMG_4129-1536x2048.jpg 1536w, https:\/\/valentinecarre-photographe.com\/wp-content\/uploads\/2022\/08\/IMG_4129-scaled.jpg 1920w\" sizes=\"(max-width: 768px) 100vw, 768px\" title=\"%Valentine Carre Photographe% %Photographie nature Corse%\"><\/a>\n\t\t<\/div>\n\t\t\t\t\t\t<\/div>\n\t\t\t\t<div class=\"elementor-element elementor-element-5b6bd31 elementor-widget elementor-widget-heading\" data-id=\"5b6bd31\" data-element_type=\"widget\" data-e-type=\"widget\" data-widget_type=\"heading.default\">\n\t\t\t\t\t<h2 class=\"elementor-heading-title elementor-size-default\">Etape 7 : L\u2019ameublement du fourgon<\/h2>\t\t\t\t<\/div>\n\t\t\t\t<div class=\"elementor-element elementor-element-0c4dc52 elementor-widget elementor-widget-text-editor\" data-id=\"0c4dc52\" data-element_type=\"widget\" data-e-type=\"widget\" data-widget_type=\"text-editor.default\">\n\t\t\t\t\t\t\t\t\t<p>Pour Simon, nous avons d\u00e9cid\u00e9 de nous \u00e9quiper d\u2019<strong>un mobilier <a href=\"https:\/\/kapam.fr\/\" target=\"_blank\" rel=\"noreferrer noopener\" data-type=\"URL\" data-id=\"https:\/\/kapam.fr\">KAPAM<\/a>.<\/strong><\/p><p><a href=\"https:\/\/kapam.fr\/kit-amenagement-fourgon.html\" target=\"_blank\" rel=\"noreferrer noopener\" data-type=\"URL\" data-id=\"https:\/\/kapam.fr\/kit-amenagement-fourgon.html\">KAPAM<\/a> cr\u00e9e des kits d\u2019am\u00e9nagements pour diff\u00e9rentes tailles de v\u00e9hicules (des T5, des Renault Trafic\u2026). Les d\u00e9coupes sont adapt\u00e9es \u00e0 chaque v\u00e9hicule.<\/p><p>L\u2019am\u00e9nagement de v\u00e9hicule utilitaire en fourgon am\u00e9nag\u00e9 est un march\u00e9 en plein essor. Plusieurs possibilit\u00e9s s\u2019offraient \u00e0 nous :<\/p><ul><li>Faire appel \u00e0 un <strong>artisan<\/strong> = travail pr\u00e9cis et souvent magnifique. De beaux am\u00e9nagements en bois comme on peut les imaginer (\u00e0 l\u2019image de certains influenceurs sur Instagram) mais cela \u00e0 un co\u00fbt et il faut souvent plusieurs mois, voire plusieurs ann\u00e9es d\u2019attente ! Habitant en Corse, il aurait fallu rajouter la travers\u00e9e du v\u00e9hicule sur le continent\u2026 sans certitude ni date de retour. Impossible pour nous.<\/li><li><strong>Cr\u00e9er son mobilier<\/strong> soi-m\u00eame = avoir beaucoup de temps devant soi, \u00eatre tr\u00e8s soigneux, dou\u00e9, savoir compter aux centim\u00e8tres pr\u00e8s (ah non, \u00e7a c\u2019est pas pour nous). Certes, il y a beaucoup de Tutos Youtube pour vous aider\u2026 Mais pour ma part, un peu de la m\u00eame fa\u00e7on qu\u2019\u00eatre carrossier ou \u00e9lectricien ne s\u2019invente pas, il en est de m\u00eame pour l\u2019artisanat\u2026 \u00catre dou\u00e9 de ces mains, fabriquer des objets : des lits, des tables, du mobilier, ce n\u2019est pas possible pour tout le monde. Et \u00e0 la revente, je n\u2019aurais pas non plus envie d\u2019acheter quelque chose qui n\u2019est pas assez solide\u2026 Enfin, c\u2019est un avis personnel.<\/li><li>S\u00e9lectionner un <strong>kit d\u2019am\u00e9nagement pr\u00e9fabriqu\u00e9<\/strong> et d\u00e9j\u00e0 adapt\u00e9 \u00e0 la courbe de son v\u00e9hicule. Il y en a plusieurs : <a href=\"https:\/\/kapam.fr\/\" target=\"_blank\" rel=\"noreferrer noopener\" data-type=\"URL\" data-id=\"https:\/\/kapam.fr\">KAPAM<\/a>, <a href=\"https:\/\/combeing.fr\/\" target=\"_blank\" rel=\"noreferrer noopener\" data-type=\"URL\" data-id=\"https:\/\/combeing.fr\">Combeing<\/a>, <a href=\"http:\/\/www.vanmania.fr\/\" target=\"_blank\" rel=\"noreferrer noopener\" data-type=\"URL\" data-id=\"http:\/\/www.vanmania.fr\">Vanmania<\/a>,\u2026) Nous avons choisi KAPAM pour son prix plus avantageux que les autres (en tout cas, en 2019, je ne pourrais le certifier aujourd\u2019hui). Aussi, il livrait le kit en Corse, ce qui n\u2019\u00e9tait pas le cas de tous\u2026).<\/li><\/ul><p>Il faut savoir que la plupart des marques qui vendent des Kits certifient qu\u2019il n\u2019y a pas besoin de passer l\u2019homologation Camping Car. En effet, ils estiment que lors du passage au contr\u00f4le technique, il suffit simplement de <strong>d\u00e9monter\/retirer un meuble<\/strong> pour que le contr\u00f4leur accepte le v\u00e9hicule.<\/p><p><em>Pour rappel : \u00e0 partir du moment o\u00f9 il y a une transformation du v\u00e9hicule, il faut changer la d\u00e9nomination du v\u00e9hicule sur la carte grise. Ce n\u2019est plus un utilitaire (CTTE) chargeant des marchandises, mais un v\u00e9hicule pouvant servir \u00e0 manger, dormir\u2026 (VASP Camping Car).<\/em><\/p><p>Personnellement, nous avons fix\u00e9 le mobilier pour passer VASP et avoir un v\u00e9hicule en r\u00e8gle.<\/p>\t\t\t\t\t\t\t\t<\/div>\n\t\t\t\t<div class=\"elementor-element elementor-element-0328902 gallery-spacing-custom elementor-widget elementor-widget-image-gallery\" data-id=\"0328902\" data-element_type=\"widget\" data-e-type=\"widget\" data-widget_type=\"image-gallery.default\">\n\t\t\t\t\t\t\t<div class=\"elementor-image-gallery\">\n\t\t\t\n<a data-elementor-open-lightbox=\"yes\" data-elementor-lightbox-slideshow=\"0328902\" data-e-action-hash=\"#elementor-action%3Aaction%3Dlightbox%26settings%3DeyJpZCI6NDI5NCwidXJsIjoiaHR0cHM6XC9cL3ZhbGVudGluZWNhcnJlLXBob3RvZ3JhcGhlLmNvbVwvd3AtY29udGVudFwvdXBsb2Fkc1wvMjAyMlwvMDhcL0lNR181ODU4LXNjYWxlZC5qcGciLCJzbGlkZXNob3ciOiIwMzI4OTAyIn0%3D\" href=\"https:\/\/valentinecarre-photographe.com\/wp-content\/uploads\/2022\/08\/IMG_5858-scaled.jpg\"><img loading=\"lazy\" decoding=\"async\" width=\"768\" height=\"576\" src=\"https:\/\/valentinecarre-photographe.com\/wp-content\/uploads\/2022\/08\/IMG_5858-768x576.jpg\" class=\"attachment-medium_large size-medium_large\" alt=\"Am\u00e9nagement fourgon volkswagen t5 ALT, am\u00e9nager son fourgon soi-m\u00eame\" srcset=\"https:\/\/valentinecarre-photographe.com\/wp-content\/uploads\/2022\/08\/IMG_5858-768x576.jpg 768w, https:\/\/valentinecarre-photographe.com\/wp-content\/uploads\/2022\/08\/IMG_5858-scaled-400x300.jpg 400w, https:\/\/valentinecarre-photographe.com\/wp-content\/uploads\/2022\/08\/IMG_5858-300x225.jpg 300w, https:\/\/valentinecarre-photographe.com\/wp-content\/uploads\/2022\/08\/IMG_5858-1024x768.jpg 1024w, https:\/\/valentinecarre-photographe.com\/wp-content\/uploads\/2022\/08\/IMG_5858-1536x1152.jpg 1536w, https:\/\/valentinecarre-photographe.com\/wp-content\/uploads\/2022\/08\/IMG_5858-2048x1536.jpg 2048w\" sizes=\"(max-width: 768px) 100vw, 768px\" title=\"%Valentine Carre Photographe% %Photographie nature Corse%\"><\/a>\n<a data-elementor-open-lightbox=\"yes\" data-elementor-lightbox-slideshow=\"0328902\" data-e-action-hash=\"#elementor-action%3Aaction%3Dlightbox%26settings%3DeyJpZCI6NDI5NSwidXJsIjoiaHR0cHM6XC9cL3ZhbGVudGluZWNhcnJlLXBob3RvZ3JhcGhlLmNvbVwvd3AtY29udGVudFwvdXBsb2Fkc1wvMjAyMlwvMDhcL0lNR181ODY0LXNjYWxlZC5qcGciLCJzbGlkZXNob3ciOiIwMzI4OTAyIn0%3D\" href=\"https:\/\/valentinecarre-photographe.com\/wp-content\/uploads\/2022\/08\/IMG_5864-scaled.jpg\"><img loading=\"lazy\" decoding=\"async\" width=\"768\" height=\"576\" src=\"https:\/\/valentinecarre-photographe.com\/wp-content\/uploads\/2022\/08\/IMG_5864-768x576.jpg\" class=\"attachment-medium_large size-medium_large\" alt=\"Am\u00e9nagement fourgon volkswagen t5 ALT, am\u00e9nager son fourgon soi-m\u00eame\" srcset=\"https:\/\/valentinecarre-photographe.com\/wp-content\/uploads\/2022\/08\/IMG_5864-768x576.jpg 768w, https:\/\/valentinecarre-photographe.com\/wp-content\/uploads\/2022\/08\/IMG_5864-scaled-400x300.jpg 400w, https:\/\/valentinecarre-photographe.com\/wp-content\/uploads\/2022\/08\/IMG_5864-300x225.jpg 300w, https:\/\/valentinecarre-photographe.com\/wp-content\/uploads\/2022\/08\/IMG_5864-1024x768.jpg 1024w, https:\/\/valentinecarre-photographe.com\/wp-content\/uploads\/2022\/08\/IMG_5864-1536x1152.jpg 1536w, https:\/\/valentinecarre-photographe.com\/wp-content\/uploads\/2022\/08\/IMG_5864-2048x1536.jpg 2048w\" sizes=\"(max-width: 768px) 100vw, 768px\" title=\"%Valentine Carre Photographe% %Photographie nature Corse%\"><\/a>\n<a data-elementor-open-lightbox=\"yes\" data-elementor-lightbox-slideshow=\"0328902\" data-e-action-hash=\"#elementor-action%3Aaction%3Dlightbox%26settings%3DeyJpZCI6NDI5NiwidXJsIjoiaHR0cHM6XC9cL3ZhbGVudGluZWNhcnJlLXBob3RvZ3JhcGhlLmNvbVwvd3AtY29udGVudFwvdXBsb2Fkc1wvMjAyMlwvMDhcL0lNR18xOTM5LXNjYWxlZC5qcGciLCJzbGlkZXNob3ciOiIwMzI4OTAyIn0%3D\" href=\"https:\/\/valentinecarre-photographe.com\/wp-content\/uploads\/2022\/08\/IMG_1939-scaled.jpg\"><img loading=\"lazy\" decoding=\"async\" width=\"768\" height=\"576\" src=\"https:\/\/valentinecarre-photographe.com\/wp-content\/uploads\/2022\/08\/IMG_1939-768x576.jpg\" class=\"attachment-medium_large size-medium_large\" alt=\"Am\u00e9nagement fourgon volkswagen t5 ALT, am\u00e9nager son fourgon soi-m\u00eame\" srcset=\"https:\/\/valentinecarre-photographe.com\/wp-content\/uploads\/2022\/08\/IMG_1939-768x576.jpg 768w, https:\/\/valentinecarre-photographe.com\/wp-content\/uploads\/2022\/08\/IMG_1939-scaled-400x300.jpg 400w, https:\/\/valentinecarre-photographe.com\/wp-content\/uploads\/2022\/08\/IMG_1939-300x225.jpg 300w, https:\/\/valentinecarre-photographe.com\/wp-content\/uploads\/2022\/08\/IMG_1939-1024x768.jpg 1024w, https:\/\/valentinecarre-photographe.com\/wp-content\/uploads\/2022\/08\/IMG_1939-1536x1152.jpg 1536w, https:\/\/valentinecarre-photographe.com\/wp-content\/uploads\/2022\/08\/IMG_1939-2048x1536.jpg 2048w\" sizes=\"(max-width: 768px) 100vw, 768px\" title=\"%Valentine Carre Photographe% %Photographie nature Corse%\"><\/a>\n\t\t<\/div>\n\t\t\t\t\t\t<\/div>\n\t\t\t\t<div class=\"elementor-element elementor-element-825535c elementor-widget elementor-widget-heading\" data-id=\"825535c\" data-element_type=\"widget\" data-e-type=\"widget\" data-widget_type=\"heading.default\">\n\t\t\t\t\t<h2 class=\"elementor-heading-title elementor-size-default\">Etape 8 : Fixer le mobilier dans le fourgon et installer la robinetterie <\/h2>\t\t\t\t<\/div>\n\t\t\t\t<div class=\"elementor-element elementor-element-b3ba0ea elementor-widget elementor-widget-text-editor\" data-id=\"b3ba0ea\" data-element_type=\"widget\" data-e-type=\"widget\" data-widget_type=\"text-editor.default\">\n\t\t\t\t\t\t\t\t\t<ol><li>On fixe le mobilier que l\u2019on a assembl\u00e9 au pr\u00e9alable \u00e0 l\u2019ext\u00e9rieur du fourgon.<\/li><li>On installe le kit de robinetterie command\u00e9 chez KAPAM avec \u00e9vier, robinet, jerrican eau propre (20 litres), jerrican eau us\u00e9e (20 litres).<\/li><li>Il ne reste plus qu\u2019\u00e0 faire les branchements du frigo que nous avions command\u00e9 sur Orangemarine.<\/li><\/ol>\t\t\t\t\t\t\t\t<\/div>\n\t\t\t\t<div class=\"elementor-element elementor-element-0007b07 gallery-spacing-custom elementor-widget elementor-widget-image-gallery\" data-id=\"0007b07\" data-element_type=\"widget\" data-e-type=\"widget\" data-widget_type=\"image-gallery.default\">\n\t\t\t\t\t\t\t<div class=\"elementor-image-gallery\">\n\t\t\t\n<a data-elementor-open-lightbox=\"yes\" data-elementor-lightbox-slideshow=\"0007b07\" data-e-action-hash=\"#elementor-action%3Aaction%3Dlightbox%26settings%3DeyJpZCI6NDI2MCwidXJsIjoiaHR0cHM6XC9cL3ZhbGVudGluZWNhcnJlLXBob3RvZ3JhcGhlLmNvbVwvd3AtY29udGVudFwvdXBsb2Fkc1wvMjAyMlwvMDhcL0lNR18xMzc0LmpwZyIsInNsaWRlc2hvdyI6IjAwMDdiMDcifQ%3D%3D\" href=\"https:\/\/valentinecarre-photographe.com\/wp-content\/uploads\/2022\/08\/IMG_1374.jpg\"><img loading=\"lazy\" decoding=\"async\" width=\"768\" height=\"1024\" src=\"https:\/\/valentinecarre-photographe.com\/wp-content\/uploads\/2022\/08\/IMG_1374-768x1024.jpg\" class=\"attachment-medium_large size-medium_large\" alt=\"Am\u00e9nagement fourgon volkswagen t5 ALT, am\u00e9nager son fourgon soi-m\u00eame\" srcset=\"https:\/\/valentinecarre-photographe.com\/wp-content\/uploads\/2022\/08\/IMG_1374-768x1024.jpg 768w, https:\/\/valentinecarre-photographe.com\/wp-content\/uploads\/2022\/08\/IMG_1374-400x533.jpg 400w, https:\/\/valentinecarre-photographe.com\/wp-content\/uploads\/2022\/08\/IMG_1374-225x300.jpg 225w, https:\/\/valentinecarre-photographe.com\/wp-content\/uploads\/2022\/08\/IMG_1374-1152x1536.jpg 1152w, https:\/\/valentinecarre-photographe.com\/wp-content\/uploads\/2022\/08\/IMG_1374.jpg 1536w\" sizes=\"(max-width: 768px) 100vw, 768px\" title=\"%Valentine Carre Photographe% %Photographie nature Corse%\"><\/a>\n<a data-elementor-open-lightbox=\"yes\" data-elementor-lightbox-slideshow=\"0007b07\" data-e-action-hash=\"#elementor-action%3Aaction%3Dlightbox%26settings%3DeyJpZCI6NDI1OSwidXJsIjoiaHR0cHM6XC9cL3ZhbGVudGluZWNhcnJlLXBob3RvZ3JhcGhlLmNvbVwvd3AtY29udGVudFwvdXBsb2Fkc1wvMjAyMlwvMDhcL0lNR18xMzczLmpwZyIsInNsaWRlc2hvdyI6IjAwMDdiMDcifQ%3D%3D\" href=\"https:\/\/valentinecarre-photographe.com\/wp-content\/uploads\/2022\/08\/IMG_1373.jpg\"><img loading=\"lazy\" decoding=\"async\" width=\"768\" height=\"1024\" src=\"https:\/\/valentinecarre-photographe.com\/wp-content\/uploads\/2022\/08\/IMG_1373-768x1024.jpg\" class=\"attachment-medium_large size-medium_large\" alt=\"Am\u00e9nagement fourgon volkswagen t5 ALT, am\u00e9nager son fourgon soi-m\u00eame\" srcset=\"https:\/\/valentinecarre-photographe.com\/wp-content\/uploads\/2022\/08\/IMG_1373-768x1024.jpg 768w, https:\/\/valentinecarre-photographe.com\/wp-content\/uploads\/2022\/08\/IMG_1373-400x533.jpg 400w, https:\/\/valentinecarre-photographe.com\/wp-content\/uploads\/2022\/08\/IMG_1373-225x300.jpg 225w, https:\/\/valentinecarre-photographe.com\/wp-content\/uploads\/2022\/08\/IMG_1373-1152x1536.jpg 1152w, https:\/\/valentinecarre-photographe.com\/wp-content\/uploads\/2022\/08\/IMG_1373.jpg 1536w\" sizes=\"(max-width: 768px) 100vw, 768px\" title=\"%Valentine Carre Photographe% %Photographie nature Corse%\"><\/a>\n<a data-elementor-open-lightbox=\"yes\" data-elementor-lightbox-slideshow=\"0007b07\" data-e-action-hash=\"#elementor-action%3Aaction%3Dlightbox%26settings%3DeyJpZCI6NDI3NiwidXJsIjoiaHR0cHM6XC9cL3ZhbGVudGluZWNhcnJlLXBob3RvZ3JhcGhlLmNvbVwvd3AtY29udGVudFwvdXBsb2Fkc1wvMjAyMlwvMDhcL0lNR18xNjE3LmpwZyIsInNsaWRlc2hvdyI6IjAwMDdiMDcifQ%3D%3D\" href=\"https:\/\/valentinecarre-photographe.com\/wp-content\/uploads\/2022\/08\/IMG_1617.jpg\"><img loading=\"lazy\" decoding=\"async\" width=\"768\" height=\"1024\" src=\"https:\/\/valentinecarre-photographe.com\/wp-content\/uploads\/2022\/08\/IMG_1617-768x1024.jpg\" class=\"attachment-medium_large size-medium_large\" alt=\"Am\u00e9nagement fourgon volkswagen t5 ALT, am\u00e9nager son fourgon soi-m\u00eame\" srcset=\"https:\/\/valentinecarre-photographe.com\/wp-content\/uploads\/2022\/08\/IMG_1617-768x1024.jpg 768w, https:\/\/valentinecarre-photographe.com\/wp-content\/uploads\/2022\/08\/IMG_1617-400x533.jpg 400w, https:\/\/valentinecarre-photographe.com\/wp-content\/uploads\/2022\/08\/IMG_1617-225x300.jpg 225w, https:\/\/valentinecarre-photographe.com\/wp-content\/uploads\/2022\/08\/IMG_1617-1152x1536.jpg 1152w, https:\/\/valentinecarre-photographe.com\/wp-content\/uploads\/2022\/08\/IMG_1617.jpg 1536w\" sizes=\"(max-width: 768px) 100vw, 768px\" title=\"%Valentine Carre Photographe% %Photographie nature Corse%\"><\/a>\n<a data-elementor-open-lightbox=\"yes\" data-elementor-lightbox-slideshow=\"0007b07\" data-e-action-hash=\"#elementor-action%3Aaction%3Dlightbox%26settings%3DeyJpZCI6NDI3NCwidXJsIjoiaHR0cHM6XC9cL3ZhbGVudGluZWNhcnJlLXBob3RvZ3JhcGhlLmNvbVwvd3AtY29udGVudFwvdXBsb2Fkc1wvMjAyMlwvMDhcL0lNR18xNjE2LTIuanBnIiwic2xpZGVzaG93IjoiMDAwN2IwNyJ9\" href=\"https:\/\/valentinecarre-photographe.com\/wp-content\/uploads\/2022\/08\/IMG_1616-2.jpg\"><img loading=\"lazy\" decoding=\"async\" width=\"768\" height=\"1024\" src=\"https:\/\/valentinecarre-photographe.com\/wp-content\/uploads\/2022\/08\/IMG_1616-2-768x1024.jpg\" class=\"attachment-medium_large size-medium_large\" alt=\"Am\u00e9nagement fourgon volkswagen t5 ALT, am\u00e9nager son fourgon soi-m\u00eame\" srcset=\"https:\/\/valentinecarre-photographe.com\/wp-content\/uploads\/2022\/08\/IMG_1616-2-768x1024.jpg 768w, https:\/\/valentinecarre-photographe.com\/wp-content\/uploads\/2022\/08\/IMG_1616-2-400x533.jpg 400w, https:\/\/valentinecarre-photographe.com\/wp-content\/uploads\/2022\/08\/IMG_1616-2-225x300.jpg 225w, https:\/\/valentinecarre-photographe.com\/wp-content\/uploads\/2022\/08\/IMG_1616-2-1152x1536.jpg 1152w, https:\/\/valentinecarre-photographe.com\/wp-content\/uploads\/2022\/08\/IMG_1616-2.jpg 1536w\" sizes=\"(max-width: 768px) 100vw, 768px\" title=\"%Valentine Carre Photographe% %Photographie nature Corse%\"><\/a>\n\t\t<\/div>\n\t\t\t\t\t\t<\/div>\n\t\t\t\t<div class=\"elementor-element elementor-element-924890d elementor-widget elementor-widget-heading\" data-id=\"924890d\" data-element_type=\"widget\" data-e-type=\"widget\" data-widget_type=\"heading.default\">\n\t\t\t\t\t<h2 class=\"elementor-heading-title elementor-size-default\">Etape 9 : Faire le montage du dossier VASP <\/h2>\t\t\t\t<\/div>\n\t\t\t\t<div class=\"elementor-element elementor-element-8a8bf68 elementor-widget elementor-widget-text-editor\" data-id=\"8a8bf68\" data-element_type=\"widget\" data-e-type=\"widget\" data-widget_type=\"text-editor.default\">\n\t\t\t\t\t\t\t\t\t<p>Chacun voit en son \u00e2me et conscience s\u2019il souhaite \u00eatre en r\u00e8gle pour rouler&#8230;\u00a0<\/p><p>Nous avons fait l\u2019homologation pour plusieurs raisons :<\/p><ol><li><strong>L\u2019assurance<\/strong>\u2026 \u00catre conforme avec son assurance, what else ? S\u2019il y a un accident et que la carte grise n\u2019est pas conforme\u2026 On sait qu\u2019un v\u00e9hicule qui n\u2019est pas en r\u00e8gle aux yeux de la loi, c\u2019est jamais tr\u00e8s bon\u2026 Et puis, assurer un v\u00e9hicule en Camping car plut\u00f4t qu\u2019en utilitaire, c\u2019est aussi prendre en compte le co\u00fbt de transformation de son v\u00e9hicule. En effet, en tant que v\u00e9hicule homologu\u00e9, on assure le mobilier et les transformations faites sur le v\u00e9hicule.<\/li><li><strong>Etre en r\u00e8gle<\/strong> tout simplement. Pendant les travaux, nous devions pass\u00e9 notre Contr\u00f4le technique car il arrivait a \u00e9ch\u00e9ance. Nous avons essuy\u00e9, pas un, ni deux, ni trois\u2026 mais quatre refus de contr\u00f4leurs sur la r\u00e9gion Ajaccienne ! On me demandait \u00e0 chaque fois de sortir de la file, le fourgon ne pouvait pas \u00eatre examin\u00e9 car il apparaissait sur la carte grise \u201cCTTE\u201d (utilitaire) et non VASP (Camping car). On aura beau dire que pour passer au contr\u00f4le technique, il suffit de retirer un meuble\u2026 Nous avions un meuble en moins mais \u00e0 chaque fois, c\u2019\u00e9tait simplement \u00e0 la vue du lanterneau et de la baie que l\u2019on savait que ce v\u00e9hicule \u00e9tait am\u00e9nag\u00e9\u2026 Certes, comme dit plus haut, il y a des contr\u00f4leurs complaisants, et tant mieux pour ceux qui r\u00e9ussissent \u00e0 passer\u2026 mais malgr\u00e9 tout, \u00e7a me parait \u00eatre normal de faire v\u00e9rifier ses installations afin d\u2019\u00eatre en conformit\u00e9 sur la route. On parle quand m\u00eame de s\u00e9curit\u00e9\u2026<\/li><li><strong>Eviter le contr\u00f4le anti pollution<\/strong> annuelle dont sont tributaires les utilitaires (et non les Camping car)\u00a0<\/li><li>La revente\u2026 <strong>La plue value du v\u00e9hicule<\/strong> VASP contrairement \u00e0 un CTTE ne se discute m\u00eame pas\u2026<\/li><\/ol>\t\t\t\t\t\t\t\t<\/div>\n\t\t\t\t<div class=\"elementor-element elementor-element-630db5c elementor-widget elementor-widget-heading\" data-id=\"630db5c\" data-element_type=\"widget\" data-e-type=\"widget\" data-widget_type=\"heading.default\">\n\t\t\t\t\t<h2 class=\"elementor-heading-title elementor-size-default\">Conclusion : Am\u00e9nager son fourgon soi-m\u00eame <\/h2>\t\t\t\t<\/div>\n\t\t\t\t<div class=\"elementor-element elementor-element-c74899a elementor-widget elementor-widget-text-editor\" data-id=\"c74899a\" data-element_type=\"widget\" data-e-type=\"widget\" data-widget_type=\"text-editor.default\">\n\t\t\t\t\t\t\t\t\t<p>-&gt; Pour r\u00e9capituler :<\/p><ul><li>Am\u00e9nagements et isolations effectu\u00e9s par nos soins.<\/li><li>Electricit\u00e9 &amp; ouvertures r\u00e9alis\u00e9es par un professionnel\u00a0<\/li><li>Mobilier : marque KAPAM<\/li><li>Homologation VASP : Passage DREAL, Veritas<\/li><\/ul><p><strong>Co\u00fbt total : 5 000 \u20ac<\/strong><\/p><p>Ce n\u2019est pas le fourgon le plus parfait du monde mais pour 5 000 \u20ac, on a un joli petit Cocoon.\u00a0<\/p><p>Pour info, nous n\u2019avions pas install\u00e9 de cuisine (bin non, cuisiner dans une boite de conserve tout en \u00e9tant assis, c\u2019est pas dingo). Nous utilisions en ext\u00e9rieur un r\u00e9chaud au gaz d\u00e9cathlon.<\/p><p>L\u2019homologation VASP est donc pass\u00e9e sans contr\u00f4le gaz.<\/p>\t\t\t\t\t\t\t\t<\/div>\n\t\t\t\t<div class=\"elementor-element elementor-element-e48ccbf gallery-spacing-custom elementor-widget elementor-widget-image-gallery\" data-id=\"e48ccbf\" data-element_type=\"widget\" data-e-type=\"widget\" data-widget_type=\"image-gallery.default\">\n\t\t\t\t\t\t\t<div class=\"elementor-image-gallery\">\n\t\t\t\n<a data-elementor-open-lightbox=\"yes\" data-elementor-lightbox-slideshow=\"e48ccbf\" data-e-action-hash=\"#elementor-action%3Aaction%3Dlightbox%26settings%3DeyJpZCI6NDI4MywidXJsIjoiaHR0cHM6XC9cL3ZhbGVudGluZWNhcnJlLXBob3RvZ3JhcGhlLmNvbVwvd3AtY29udGVudFwvdXBsb2Fkc1wvMjAyMlwvMDhcL1Q1LmpwZyIsInNsaWRlc2hvdyI6ImU0OGNjYmYifQ%3D%3D\" href=\"https:\/\/valentinecarre-photographe.com\/wp-content\/uploads\/2022\/08\/T5.jpg\"><img loading=\"lazy\" decoding=\"async\" width=\"768\" height=\"1024\" src=\"https:\/\/valentinecarre-photographe.com\/wp-content\/uploads\/2022\/08\/T5-768x1024.jpg\" class=\"attachment-medium_large size-medium_large\" alt=\"Am\u00e9nagement fourgon volkswagen t5 ALT, am\u00e9nager son fourgon soi-m\u00eame\" srcset=\"https:\/\/valentinecarre-photographe.com\/wp-content\/uploads\/2022\/08\/T5-768x1024.jpg 768w, https:\/\/valentinecarre-photographe.com\/wp-content\/uploads\/2022\/08\/T5-400x533.jpg 400w, https:\/\/valentinecarre-photographe.com\/wp-content\/uploads\/2022\/08\/T5-225x300.jpg 225w, https:\/\/valentinecarre-photographe.com\/wp-content\/uploads\/2022\/08\/T5-1152x1536.jpg 1152w, https:\/\/valentinecarre-photographe.com\/wp-content\/uploads\/2022\/08\/T5.jpg 1536w\" sizes=\"(max-width: 768px) 100vw, 768px\" title=\"%Valentine Carre Photographe% %Photographie nature Corse%\"><\/a>\n<a data-elementor-open-lightbox=\"yes\" data-elementor-lightbox-slideshow=\"e48ccbf\" data-e-action-hash=\"#elementor-action%3Aaction%3Dlightbox%26settings%3DeyJpZCI6NDI4MiwidXJsIjoiaHR0cHM6XC9cL3ZhbGVudGluZWNhcnJlLXBob3RvZ3JhcGhlLmNvbVwvd3AtY29udGVudFwvdXBsb2Fkc1wvMjAyMlwvMDhcL0lNR18yMjM1LmpwZyIsInNsaWRlc2hvdyI6ImU0OGNjYmYifQ%3D%3D\" href=\"https:\/\/valentinecarre-photographe.com\/wp-content\/uploads\/2022\/08\/IMG_2235.jpg\"><img loading=\"lazy\" decoding=\"async\" width=\"768\" height=\"1027\" src=\"https:\/\/valentinecarre-photographe.com\/wp-content\/uploads\/2022\/08\/IMG_2235-768x1027.jpg\" class=\"attachment-medium_large size-medium_large\" alt=\"Am\u00e9nagement fourgon volkswagen t5 ALT, am\u00e9nager son fourgon soi-m\u00eame\" srcset=\"https:\/\/valentinecarre-photographe.com\/wp-content\/uploads\/2022\/08\/IMG_2235-768x1027.jpg 768w, https:\/\/valentinecarre-photographe.com\/wp-content\/uploads\/2022\/08\/IMG_2235-400x535.jpg 400w, https:\/\/valentinecarre-photographe.com\/wp-content\/uploads\/2022\/08\/IMG_2235-224x300.jpg 224w, https:\/\/valentinecarre-photographe.com\/wp-content\/uploads\/2022\/08\/IMG_2235-766x1024.jpg 766w, https:\/\/valentinecarre-photographe.com\/wp-content\/uploads\/2022\/08\/IMG_2235-1148x1536.jpg 1148w, https:\/\/valentinecarre-photographe.com\/wp-content\/uploads\/2022\/08\/IMG_2235.jpg 1531w\" sizes=\"(max-width: 768px) 100vw, 768px\" title=\"%Valentine Carre Photographe% %Photographie nature Corse%\"><\/a>\n\t\t<\/div>\n\t\t\t\t\t\t<\/div>\n\t\t\t\t<div class=\"elementor-element elementor-element-a8084ea elementor-widget elementor-widget-text-editor\" data-id=\"a8084ea\" data-element_type=\"widget\" data-e-type=\"widget\" data-widget_type=\"text-editor.default\">\n\t\t\t\t\t\t\t\t\t<p>\u00a0<\/p><p>-&gt; Si vous \u00eates int\u00e9ress\u00e9s, je peux vous expliquer quelles sont les \u00e9tapes pour passer l\u2019homologation VASP. N&rsquo;h\u00e9sitez pas \u00e0 me contacter !\u00a0<\/p>\t\t\t\t\t\t\t\t<\/div>\n\t\t\t\t\t<\/div>\n\t\t<\/div>\n\t\t\t\t\t<\/div>\n\t\t<\/section>\n\t\t\t\t<section class=\"elementor-section elementor-top-section elementor-element elementor-element-6386bda elementor-section-height-min-height elementor-section-boxed elementor-section-height-default elementor-section-items-middle wpr-particle-no wpr-jarallax-no wpr-parallax-no wpr-sticky-section-no wpr-equal-height-no\" data-id=\"6386bda\" data-element_type=\"section\" data-e-type=\"section\" data-settings=\"{&quot;background_background&quot;:&quot;classic&quot;}\">\n\t\t\t\t\t\t\t<div class=\"elementor-background-overlay\"><\/div>\n\t\t\t\t\t\t\t<div class=\"elementor-container elementor-column-gap-default\">\n\t\t\t\t\t<div class=\"elementor-column elementor-col-100 elementor-top-column elementor-element elementor-element-66d2045\" data-id=\"66d2045\" data-element_type=\"column\" data-e-type=\"column\">\n\t\t\t<div class=\"elementor-widget-wrap elementor-element-populated\">\n\t\t\t\t\t\t<div class=\"elementor-element elementor-element-acca03e elementor-widget elementor-widget-heading\" data-id=\"acca03e\" data-element_type=\"widget\" data-e-type=\"widget\" data-widget_type=\"heading.default\">\n\t\t\t\t\t<h2 class=\"elementor-heading-title elementor-size-default\">Retourner sur le blog ? <\/h2>\t\t\t\t<\/div>\n\t\t\t\t<div class=\"elementor-element elementor-element-e1de1ee wpr-button-icon-style-inline wpr-button-icon-position-right elementor-widget elementor-widget-wpr-button\" data-id=\"e1de1ee\" data-element_type=\"widget\" data-e-type=\"widget\" data-widget_type=\"wpr-button.default\">\n\t\t\t\t\t\t\n\t\t\t\n\t\t\n\t\t<div class=\"wpr-button-wrap elementor-clearfix\">\n\t\t<a class=\"wpr-button wpr-button-effect wpr-button-none\" data-text=\"\" href=\"https:\/\/valentinecarre-photographe.com\/index.php\/reportages-photos-corse\/\">\n\t\t\t\n\t\t\t<span class=\"wpr-button-content\">\n\t\t\t\t\t\t\t\t\t<span class=\"wpr-button-text\">Par ici <\/span>\n\t\t\t\t\t\t\t\t\n\t\t\t\t\t\t\t<\/span>\n\t\t<\/a>\n\n\t\t\t\t<\/div>\n\t\n\t\n\t\t\t\t\t<\/div>\n\t\t\t\t\t<\/div>\n\t\t<\/div>\n\t\t\t\t\t<\/div>\n\t\t<\/section>\n\t\t\t\t<\/div>\n\t\t","protected":false},"excerpt":{"rendered":"<p>Il y a quelques ann\u00e9es, nous avons am\u00e9nag\u00e9 notre Volkswagen T5 en fourgon am\u00e9nag\u00e9 ! Je vous explique toutes les \u00e9tapes de cet am\u00e9nagement, jusqu&rsquo;\u00e0 l&rsquo;homologation ! <\/p>\n","protected":false},"author":1,"featured_media":4293,"comment_status":"open","ping_status":"open","sticky":false,"template":"elementor_theme","format":"standard","meta":{"ocean_post_layout":"full-width","ocean_both_sidebars_style":"","ocean_both_sidebars_content_width":0,"ocean_both_sidebars_sidebars_width":0,"ocean_sidebar":"0","ocean_second_sidebar":"0","ocean_disable_margins":"enable","ocean_add_body_class":"","ocean_shortcode_before_top_bar":"","ocean_shortcode_after_top_bar":"","ocean_shortcode_before_header":"","ocean_shortcode_after_header":"","ocean_has_shortcode":"","ocean_shortcode_after_title":"","ocean_shortcode_before_footer_widgets":"","ocean_shortcode_after_footer_widgets":"","ocean_shortcode_before_footer_bottom":"","ocean_shortcode_after_footer_bottom":"","ocean_display_top_bar":"off","ocean_display_header":"on","ocean_header_style":"full_screen","ocean_center_header_left_menu":"","ocean_custom_header_template":"0","ocean_custom_logo":0,"ocean_custom_retina_logo":0,"ocean_custom_logo_max_width":0,"ocean_custom_logo_tablet_max_width":0,"ocean_custom_logo_mobile_max_width":0,"ocean_custom_logo_max_height":0,"ocean_custom_logo_tablet_max_height":0,"ocean_custom_logo_mobile_max_height":0,"ocean_header_custom_menu":"0","ocean_menu_typo_font_family":"0","ocean_menu_typo_font_subset":"","ocean_menu_typo_font_size":0,"ocean_menu_typo_font_size_tablet":0,"ocean_menu_typo_font_size_mobile":0,"ocean_menu_typo_font_size_unit":"px","ocean_menu_typo_font_weight":"","ocean_menu_typo_font_weight_tablet":"","ocean_menu_typo_font_weight_mobile":"","ocean_menu_typo_transform":"","ocean_menu_typo_transform_tablet":"","ocean_menu_typo_transform_mobile":"","ocean_menu_typo_line_height":0,"ocean_menu_typo_line_height_tablet":0,"ocean_menu_typo_line_height_mobile":0,"ocean_menu_typo_line_height_unit":"","ocean_menu_typo_spacing":0,"ocean_menu_typo_spacing_tablet":0,"ocean_menu_typo_spacing_mobile":0,"ocean_menu_typo_spacing_unit":"","ocean_menu_link_color":"","ocean_menu_link_color_hover":"","ocean_menu_link_color_active":"","ocean_menu_link_background":"#2b3926","ocean_menu_link_hover_background":"","ocean_menu_link_active_background":"","ocean_menu_social_links_bg":"","ocean_menu_social_hover_links_bg":"","ocean_menu_social_links_color":"","ocean_menu_social_hover_links_color":"","ocean_disable_title":"on","ocean_disable_heading":"default","ocean_post_title":"","ocean_post_subheading":"","ocean_post_title_style":"","ocean_post_title_background_color":"","ocean_post_title_background":0,"ocean_post_title_bg_image_position":"","ocean_post_title_bg_image_attachment":"","ocean_post_title_bg_image_repeat":"","ocean_post_title_bg_image_size":"","ocean_post_title_height":0,"ocean_post_title_bg_overlay":0.5,"ocean_post_title_bg_overlay_color":"","ocean_disable_breadcrumbs":"default","ocean_breadcrumbs_color":"","ocean_breadcrumbs_separator_color":"","ocean_breadcrumbs_links_color":"","ocean_breadcrumbs_links_hover_color":"","ocean_display_footer_widgets":"default","ocean_display_footer_bottom":"default","ocean_custom_footer_template":"0","ocean_post_oembed":"","ocean_post_self_hosted_media":"","ocean_post_video_embed":"","ocean_link_format":"","ocean_link_format_target":"self","ocean_quote_format":"","ocean_quote_format_link":"post","ocean_gallery_link_images":"off","ocean_gallery_id":[],"footnotes":""},"categories":[17],"tags":[135,134,136,137],"class_list":["post-1810","post","type-post","status-publish","format-standard","has-post-thumbnail","hentry","category-reportages","tag-amenagement-fourgon-corse","tag-amenager-son-van-en-corse","tag-homologation-vasp-corse","tag-vasp-corse","entry","has-media","owp-thumbs-layout-vertical","owp-btn-big","owp-tabs-layout-horizontal","has-no-thumbnails","has-product-nav","circle-sale"],"_links":{"self":[{"href":"https:\/\/valentinecarre-photographe.com\/index.php\/wp-json\/wp\/v2\/posts\/1810","targetHints":{"allow":["GET"]}}],"collection":[{"href":"https:\/\/valentinecarre-photographe.com\/index.php\/wp-json\/wp\/v2\/posts"}],"about":[{"href":"https:\/\/valentinecarre-photographe.com\/index.php\/wp-json\/wp\/v2\/types\/post"}],"author":[{"embeddable":true,"href":"https:\/\/valentinecarre-photographe.com\/index.php\/wp-json\/wp\/v2\/users\/1"}],"replies":[{"embeddable":true,"href":"https:\/\/valentinecarre-photographe.com\/index.php\/wp-json\/wp\/v2\/comments?post=1810"}],"version-history":[{"count":32,"href":"https:\/\/valentinecarre-photographe.com\/index.php\/wp-json\/wp\/v2\/posts\/1810\/revisions"}],"predecessor-version":[{"id":11269,"href":"https:\/\/valentinecarre-photographe.com\/index.php\/wp-json\/wp\/v2\/posts\/1810\/revisions\/11269"}],"wp:featuredmedia":[{"embeddable":true,"href":"https:\/\/valentinecarre-photographe.com\/index.php\/wp-json\/wp\/v2\/media\/4293"}],"wp:attachment":[{"href":"https:\/\/valentinecarre-photographe.com\/index.php\/wp-json\/wp\/v2\/media?parent=1810"}],"wp:term":[{"taxonomy":"category","embeddable":true,"href":"https:\/\/valentinecarre-photographe.com\/index.php\/wp-json\/wp\/v2\/categories?post=1810"},{"taxonomy":"post_tag","embeddable":true,"href":"https:\/\/valentinecarre-photographe.com\/index.php\/wp-json\/wp\/v2\/tags?post=1810"}],"curies":[{"name":"wp","href":"https:\/\/api.w.org\/{rel}","templated":true}]}}